{"id":6618,"date":"2024-09-06T21:34:21","date_gmt":"2024-09-06T21:34:21","guid":{"rendered":""},"modified":"-0001-11-30T00:00:00","modified_gmt":"-0001-11-29T21:00:00","slug":"fikir-adami-sergerdan-eyler","status":"publish","type":"post","link":"https:\/\/nedir.az\/atalar-sozleri\/fikir-adami-sergerdan-eyler-atalar-sozunun-menasi-nedir","title":{"rendered":"Fikir Adam\u0131 S\u0259rg\u0259rdan Eyl\u0259r"},"content":{"rendered":"<p>&#8220;fikir adam\u0131 s\u0259rg\u0259rdan eyl\u0259r&#8221; atalar s\u00f6z\u00fc, d\u00fc\u015f\u00fcnc\u0259li v\u0259 a\u011f\u0131ll\u0131 insanlar\u0131n b\u0259z\u0259n q\u0259rars\u0131zl\u0131q v\u0259 ya \u00e7\u0259tinlikl\u0259rl\u0259 qar\u015f\u0131la\u015fa bil\u0259c\u0259yini ifad\u0259 edir. Bu s\u00f6z, d\u00fc\u015f\u00fcnc\u0259nin d\u0259rinliyinin, insan\u0131 b\u0259z\u0259n yolunu itirm\u0259y\u0259 v\u0259 ya \u00e7\u0259tin v\u0259ziyy\u0259tl\u0259r\u0259 d\u00fc\u015fm\u0259y\u0259 s\u0259b\u0259b ola bil\u0259c\u0259yini vur\u011fulay\u0131r. Y\u0259ni, a\u011f\u0131ll\u0131 insanlar b\u0259z\u0259n \u00e7ox d\u00fc\u015f\u00fcnm\u0259kd\u0259n dolay\u0131 q\u0259rar verm\u0259kd\u0259 \u00e7\u0259tinlik \u00e7\u0259k\u0259 bil\u0259rl\u0259r. Bu, d\u00fc\u015f\u00fcnc\u0259nin v\u0259 analiz etm\u0259nin vacibliyini, lakin eyni zamanda b\u0259z\u0259n insan\u0131 \u00e7a\u015fq\u0131nl\u0131\u011fa s\u00fcr\u00fckl\u0259y\u0259 bil\u0259c\u0259yini g\u00f6st\u0259rir.<\/p>\n<p><b>Q\u0131sa M\u0259nas\u0131<\/b><br \/> D\u00fc\u015f\u00fcnc\u0259li insanlar\u0131n b\u0259z\u0259n q\u0259rars\u0131zl\u0131q ya\u015famas\u0131.<\/p>\n","protected":false},"excerpt":{"rendered":"<p>&#8220;fikir adam\u0131 s\u0259rg\u0259rdan eyl\u0259r&#8221; atalar s\u00f6z\u00fc, d\u00fc\u015f\u00fcnc\u0259li v\u0259 a\u011f\u0131ll\u0131 insanlar\u0131n b\u0259z\u0259n q\u0259rars\u0131zl\u0131q v\u0259 ya \u00e7\u0259tinlikl\u0259rl\u0259 qar\u015f\u0131la\u015fa bil\u0259c\u0259yini ifad\u0259 edir. Bu s\u00f6z, d\u00fc\u015f\u00fcnc\u0259nin d\u0259rinliyinin, insan\u0131 b\u0259z\u0259n yolunu itirm\u0259y\u0259 v\u0259 ya \u00e7\u0259tin v\u0259ziyy\u0259tl\u0259r\u0259 d\u00fc\u015fm\u0259y\u0259 s\u0259b\u0259b ola bil\u0259c\u0259yini vur\u011fulay\u0131r. Y\u0259ni, a\u011f\u0131ll\u0131 insanlar b\u0259z\u0259n \u00e7ox d\u00fc\u015f\u00fcnm\u0259kd\u0259n dolay\u0131 q\u0259rar verm\u0259kd\u0259 \u00e7\u0259tinlik \u00e7\u0259k\u0259 bil\u0259rl\u0259r. Bu, d\u00fc\u015f\u00fcnc\u0259nin v\u0259 analiz etm\u0259nin vacibliyini, lakin &#8230; <a title=\"Fikir Adam\u0131 S\u0259rg\u0259rdan Eyl\u0259r\" class=\"read-more\" href=\"https:\/\/nedir.az\/atalar-sozleri\/fikir-adami-sergerdan-eyler-atalar-sozunun-menasi-nedir\" aria-label=\"Read more about Fikir Adam\u0131 S\u0259rg\u0259rdan Eyl\u0259r\">Read more<\/a><\/p>\n","protected":false},"author":2,"featured_media":0,"comment_status":"open","ping_status":"open","sticky":false,"template":"","format":"standard","meta":{"footnotes":""},"categories":[1],"tags":[],"class_list":["post-6618","post","type-post","status-publish","format-standard","hentry","category-atalar-sozleri-atalar-sozu"],"aioseo_notices":[],"_links":{"self":[{"href":"https:\/\/nedir.az\/atalar-sozleri\/wp-json\/wp\/v2\/posts\/6618","targetHints":{"allow":["GET"]}}],"collection":[{"href":"https:\/\/nedir.az\/atalar-sozleri\/wp-json\/wp\/v2\/posts"}],"about":[{"href":"https:\/\/nedir.az\/atalar-sozleri\/wp-json\/wp\/v2\/types\/post"}],"author":[{"embeddable":true,"href":"https:\/\/nedir.az\/atalar-sozleri\/wp-json\/wp\/v2\/users\/2"}],"replies":[{"embeddable":true,"href":"https:\/\/nedir.az\/atalar-sozleri\/wp-json\/wp\/v2\/comments?post=6618"}],"version-history":[{"count":0,"href":"https:\/\/nedir.az\/atalar-sozleri\/wp-json\/wp\/v2\/posts\/6618\/revisions"}],"wp:attachment":[{"href":"https:\/\/nedir.az\/atalar-sozleri\/wp-json\/wp\/v2\/media?parent=6618"}],"wp:term":[{"taxonomy":"category","embeddable":true,"href":"https:\/\/nedir.az\/atalar-sozleri\/wp-json\/wp\/v2\/categories?post=6618"},{"taxonomy":"post_tag","embeddable":true,"href":"https:\/\/nedir.az\/atalar-sozleri\/wp-json\/wp\/v2\/tags?post=6618"}],"curies":[{"name":"wp","href":"https:\/\/api.w.org\/{rel}","templated":true}]}}