{"id":6616,"date":"2024-09-06T21:34:21","date_gmt":"2024-09-06T21:34:21","guid":{"rendered":""},"modified":"-0001-11-30T00:00:00","modified_gmt":"-0001-11-29T21:00:00","slug":"fersiz-oguldan-bir-qara-das-efzeldir","status":"publish","type":"post","link":"https:\/\/nedir.az\/atalar-sozleri\/fersiz-oguldan-bir-qara-das-efzeldir-atalar-sozunun-menasi-nedir","title":{"rendered":"F\u0259rsiz O\u011fuldan Bir Qara Da\u015f \u018ffz\u0259ldir"},"content":{"rendered":"<p>&#8220;f\u0259rsiz o\u011fuldan bir qara da\u015f \u0259fz\u0259ldir&#8221; atalar s\u00f6z\u00fcn\u00fcn m\u0259nas\u0131, bir insan\u0131n, x\u00fcsusil\u0259 d\u0259 \u00f6vlad\u0131n, c\u0259miyy\u0259t\u0259 v\u0259 ail\u0259y\u0259 faydal\u0131 olmamas\u0131, onun \u0259v\u0259zin\u0259 he\u00e7 bir d\u0259y\u0259ri olmayan bir \u015feyin daha \u00fcst\u00fcn oldu\u011funu ifad\u0259 edir. Bu atalar s\u00f6z\u00fc, \u00f6vlad\u0131n \u0259xlaqi v\u0259 m\u0259n\u0259vi d\u0259y\u0259rl\u0259rinin, onun c\u0259miyy\u0259t\u0259 olan t\u0259sirinin \u00f6n\u0259mini vur\u011fulay\u0131r. Y\u0259ni, \u0259g\u0259r bir o\u011ful faydas\u0131zd\u0131rsa, onun yerin\u0259 he\u00e7 olmasa bir da\u015f\u0131n olmas\u0131 daha yax\u015f\u0131d\u0131r, \u00e7\u00fcnki da\u015f\u0131n he\u00e7 olmasa bir fiziki varl\u0131\u011f\u0131 var.<\/p>\n<p><b>Q\u0131sa M\u0259nas\u0131<\/b><br \/>Faydas\u0131z \u00f6vlad, d\u0259y\u0259ri olmayan bir \u015feyd\u0259n daha pisdir.<\/p>\n","protected":false},"excerpt":{"rendered":"<p>&#8220;f\u0259rsiz o\u011fuldan bir qara da\u015f \u0259fz\u0259ldir&#8221; atalar s\u00f6z\u00fcn\u00fcn m\u0259nas\u0131, bir insan\u0131n, x\u00fcsusil\u0259 d\u0259 \u00f6vlad\u0131n, c\u0259miyy\u0259t\u0259 v\u0259 ail\u0259y\u0259 faydal\u0131 olmamas\u0131, onun \u0259v\u0259zin\u0259 he\u00e7 bir d\u0259y\u0259ri olmayan bir \u015feyin daha \u00fcst\u00fcn oldu\u011funu ifad\u0259 edir. Bu atalar s\u00f6z\u00fc, \u00f6vlad\u0131n \u0259xlaqi v\u0259 m\u0259n\u0259vi d\u0259y\u0259rl\u0259rinin, onun c\u0259miyy\u0259t\u0259 olan t\u0259sirinin \u00f6n\u0259mini vur\u011fulay\u0131r. Y\u0259ni, \u0259g\u0259r bir o\u011ful faydas\u0131zd\u0131rsa, onun yerin\u0259 he\u00e7 olmasa &#8230; <a title=\"F\u0259rsiz O\u011fuldan Bir Qara Da\u015f \u018ffz\u0259ldir\" class=\"read-more\" href=\"https:\/\/nedir.az\/atalar-sozleri\/fersiz-oguldan-bir-qara-das-efzeldir-atalar-sozunun-menasi-nedir\" aria-label=\"Read more about F\u0259rsiz O\u011fuldan Bir Qara Da\u015f \u018ffz\u0259ldir\">Read more<\/a><\/p>\n","protected":false},"author":2,"featured_media":0,"comment_status":"open","ping_status":"open","sticky":false,"template":"","format":"standard","meta":{"footnotes":""},"categories":[1],"tags":[],"class_list":["post-6616","post","type-post","status-publish","format-standard","hentry","category-atalar-sozleri-atalar-sozu"],"aioseo_notices":[],"_links":{"self":[{"href":"https:\/\/nedir.az\/atalar-sozleri\/wp-json\/wp\/v2\/posts\/6616","targetHints":{"allow":["GET"]}}],"collection":[{"href":"https:\/\/nedir.az\/atalar-sozleri\/wp-json\/wp\/v2\/posts"}],"about":[{"href":"https:\/\/nedir.az\/atalar-sozleri\/wp-json\/wp\/v2\/types\/post"}],"author":[{"embeddable":true,"href":"https:\/\/nedir.az\/atalar-sozleri\/wp-json\/wp\/v2\/users\/2"}],"replies":[{"embeddable":true,"href":"https:\/\/nedir.az\/atalar-sozleri\/wp-json\/wp\/v2\/comments?post=6616"}],"version-history":[{"count":0,"href":"https:\/\/nedir.az\/atalar-sozleri\/wp-json\/wp\/v2\/posts\/6616\/revisions"}],"wp:attachment":[{"href":"https:\/\/nedir.az\/atalar-sozleri\/wp-json\/wp\/v2\/media?parent=6616"}],"wp:term":[{"taxonomy":"category","embeddable":true,"href":"https:\/\/nedir.az\/atalar-sozleri\/wp-json\/wp\/v2\/categories?post=6616"},{"taxonomy":"post_tag","embeddable":true,"href":"https:\/\/nedir.az\/atalar-sozleri\/wp-json\/wp\/v2\/tags?post=6616"}],"curies":[{"name":"wp","href":"https:\/\/api.w.org\/{rel}","templated":true}]}}