{"id":6615,"date":"2024-09-06T21:34:21","date_gmt":"2024-09-06T21:34:21","guid":{"rendered":""},"modified":"-0001-11-30T00:00:00","modified_gmt":"-0001-11-29T21:00:00","slug":"fersiz-ogul-atasinin-gozunu-cixartdi-ki-adina-koroglu-desinler-amma-kor-kisinin-oglu-dediler","status":"publish","type":"post","link":"https:\/\/nedir.az\/atalar-sozleri\/fersiz-ogul-atasinin-gozunu-cixartdi-ki-adina-koroglu-desinler-amma-kor-kisinin-oglu-dediler-atalar-sozunun-menasi-nedir","title":{"rendered":"F\u0259rsiz O\u011ful Atas\u0131n\u0131n G\u00f6z\u00fcn\u00fc \u00c7\u0131xartd\u0131 Ki, Ad\u0131na Koro\u011flu Desinl\u0259r, Amma Kor Ki\u015finin O\u011flu Dedil\u0259r"},"content":{"rendered":"<p>&#8220;f\u0259rsiz o\u011ful atas\u0131n\u0131n g\u00f6z\u00fcn\u00fc \u00e7\u0131xartd\u0131 ki, ad\u0131na koro\u011flu desinl\u0259r, amma kor ki\u015finin o\u011flu dedil\u0259r&#8221; atalar s\u00f6z\u00fc, bir insan\u0131n \u00f6z\u00fcn\u00fc ba\u015fqalar\u0131na g\u00f6st\u0259rm\u0259k, \u00f6z\u00fcn\u00fc t\u0259rifl\u0259m\u0259k v\u0259 ya ba\u015fqalar\u0131n\u0131n g\u00f6z\u00fcnd\u0259 d\u0259y\u0259r qazanmaq \u00fc\u00e7\u00fcn etdiyi h\u0259r\u0259k\u0259tl\u0259rin n\u0259tic\u0259sind\u0259, \u0259slind\u0259, \u00f6z\u00fcn\u00fc daha da a\u015fa\u011f\u0131 salmas\u0131 v\u0259 ya ba\u015fqalar\u0131 t\u0259r\u0259find\u0259n pis qiym\u0259tl\u0259ndirilm\u0259si anlam\u0131na g\u0259lir. Bu atalar s\u00f6z\u00fc, b\u0259z\u0259n insanlar\u0131n \u00f6zl\u0259rini daha yax\u015f\u0131 g\u00f6st\u0259rm\u0259k \u00fc\u00e7\u00fcn etdikl\u0259ri yanl\u0131\u015f davran\u0131\u015flar\u0131n, onlar\u0131n \u0259sl d\u0259y\u0259rini gizl\u0259tm\u0259si v\u0259 ya z\u0259d\u0259l\u0259m\u0259si il\u0259 ba\u011fl\u0131d\u0131r. Y\u0259ni, insan \u00f6z\u00fcn\u00fc t\u0259rifl\u0259m\u0259k v\u0259 ya ba\u015fqalar\u0131na \u00f6z\u00fcn\u00fc s\u00fcbut etm\u0259k ist\u0259y\u0259rk\u0259n, \u0259slind\u0259, \u00f6z\u00fcn\u00fc daha da pis v\u0259ziyy\u0259t\u0259 sala bil\u0259r.<\/p>\n<p><b>Q\u0131sa M\u0259nas\u0131<\/b><br \/> \u00d6z\u00fcn\u00fc ba\u015fqalar\u0131na yax\u015f\u0131 g\u00f6st\u0259rm\u0259k \u00fc\u00e7\u00fcn edil\u0259n h\u0259r\u0259k\u0259tl\u0259rin, \u0259slind\u0259, insan\u0131n d\u0259y\u0259rini azaltmas\u0131.<\/p>\n","protected":false},"excerpt":{"rendered":"<p>&#8220;f\u0259rsiz o\u011ful atas\u0131n\u0131n g\u00f6z\u00fcn\u00fc \u00e7\u0131xartd\u0131 ki, ad\u0131na koro\u011flu desinl\u0259r, amma kor ki\u015finin o\u011flu dedil\u0259r&#8221; atalar s\u00f6z\u00fc, bir insan\u0131n \u00f6z\u00fcn\u00fc ba\u015fqalar\u0131na g\u00f6st\u0259rm\u0259k, \u00f6z\u00fcn\u00fc t\u0259rifl\u0259m\u0259k v\u0259 ya ba\u015fqalar\u0131n\u0131n g\u00f6z\u00fcnd\u0259 d\u0259y\u0259r qazanmaq \u00fc\u00e7\u00fcn etdiyi h\u0259r\u0259k\u0259tl\u0259rin n\u0259tic\u0259sind\u0259, \u0259slind\u0259, \u00f6z\u00fcn\u00fc daha da a\u015fa\u011f\u0131 salmas\u0131 v\u0259 ya ba\u015fqalar\u0131 t\u0259r\u0259find\u0259n pis qiym\u0259tl\u0259ndirilm\u0259si anlam\u0131na g\u0259lir. Bu atalar s\u00f6z\u00fc, b\u0259z\u0259n insanlar\u0131n \u00f6zl\u0259rini daha yax\u015f\u0131 &#8230; <a title=\"F\u0259rsiz O\u011ful Atas\u0131n\u0131n G\u00f6z\u00fcn\u00fc \u00c7\u0131xartd\u0131 Ki, Ad\u0131na Koro\u011flu Desinl\u0259r, Amma Kor Ki\u015finin O\u011flu Dedil\u0259r\" class=\"read-more\" href=\"https:\/\/nedir.az\/atalar-sozleri\/fersiz-ogul-atasinin-gozunu-cixartdi-ki-adina-koroglu-desinler-amma-kor-kisinin-oglu-dediler-atalar-sozunun-menasi-nedir\" aria-label=\"Read more about F\u0259rsiz O\u011ful Atas\u0131n\u0131n G\u00f6z\u00fcn\u00fc \u00c7\u0131xartd\u0131 Ki, Ad\u0131na Koro\u011flu Desinl\u0259r, Amma Kor Ki\u015finin O\u011flu Dedil\u0259r\">Read more<\/a><\/p>\n","protected":false},"author":2,"featured_media":0,"comment_status":"open","ping_status":"open","sticky":false,"template":"","format":"standard","meta":{"footnotes":""},"categories":[1],"tags":[],"class_list":["post-6615","post","type-post","status-publish","format-standard","hentry","category-atalar-sozleri-atalar-sozu"],"aioseo_notices":[],"_links":{"self":[{"href":"https:\/\/nedir.az\/atalar-sozleri\/wp-json\/wp\/v2\/posts\/6615","targetHints":{"allow":["GET"]}}],"collection":[{"href":"https:\/\/nedir.az\/atalar-sozleri\/wp-json\/wp\/v2\/posts"}],"about":[{"href":"https:\/\/nedir.az\/atalar-sozleri\/wp-json\/wp\/v2\/types\/post"}],"author":[{"embeddable":true,"href":"https:\/\/nedir.az\/atalar-sozleri\/wp-json\/wp\/v2\/users\/2"}],"replies":[{"embeddable":true,"href":"https:\/\/nedir.az\/atalar-sozleri\/wp-json\/wp\/v2\/comments?post=6615"}],"version-history":[{"count":0,"href":"https:\/\/nedir.az\/atalar-sozleri\/wp-json\/wp\/v2\/posts\/6615\/revisions"}],"wp:attachment":[{"href":"https:\/\/nedir.az\/atalar-sozleri\/wp-json\/wp\/v2\/media?parent=6615"}],"wp:term":[{"taxonomy":"category","embeddable":true,"href":"https:\/\/nedir.az\/atalar-sozleri\/wp-json\/wp\/v2\/categories?post=6615"},{"taxonomy":"post_tag","embeddable":true,"href":"https:\/\/nedir.az\/atalar-sozleri\/wp-json\/wp\/v2\/tags?post=6615"}],"curies":[{"name":"wp","href":"https:\/\/api.w.org\/{rel}","templated":true}]}}