{"id":6614,"date":"2024-09-06T21:34:21","date_gmt":"2024-09-06T21:34:21","guid":{"rendered":""},"modified":"-0001-11-30T00:00:00","modified_gmt":"-0001-11-29T21:00:00","slug":"fersiz-ogul-anasini-agladar","status":"publish","type":"post","link":"https:\/\/nedir.az\/atalar-sozleri\/fersiz-ogul-anasini-agladar-atalar-sozunun-menasi-nedir","title":{"rendered":"F\u0259rsiz O\u011ful Anas\u0131n\u0131 A\u011fladar"},"content":{"rendered":"<p>&#8220;f\u0259rsiz o\u011ful anas\u0131n\u0131 a\u011fladar&#8221; atalar s\u00f6z\u00fc, bir insan\u0131n, x\u00fcsusil\u0259 d\u0259 o\u011fulun, \u00f6z valideynl\u0259rin\u0259, x\u00fcsusil\u0259 anas\u0131na, qar\u015f\u0131 olan m\u0259suliyy\u0259tl\u0259rini yerin\u0259 yetirm\u0259dikd\u0259, onlar\u0131n \u00fcz\u0259rind\u0259ki y\u00fck\u00fc art\u0131rd\u0131\u011f\u0131n\u0131 v\u0259 onlara k\u0259d\u0259r verdiyini ifad\u0259 edir. Bu s\u00f6z, valideynl\u0259rin \u00f6vladlar\u0131na olan sevgisini v\u0259 onlar\u0131n xo\u015fb\u0259xtliyini \u00f6n\u0259 \u00e7\u0131xar\u0131r. O\u011fulun f\u0259rsizliyi, y\u0259ni m\u0259suliyy\u0259tsizliyi, anan\u0131n ruh hal\u0131n\u0131 pisl\u0259\u015fdirir v\u0259 ona ac\u0131 ya\u015fad\u0131r. Bu atalar s\u00f6z\u00fc, valideynl\u0259rin \u00f6vladlar\u0131ndan g\u00f6zl\u0259ntil\u0259rini v\u0259 \u00f6vladlar\u0131n bu g\u00f6zl\u0259ntil\u0259r\u0259 cavab verm\u0259sinin vacibliyini vur\u011fulay\u0131r.<\/p>\n<p><b>Q\u0131sa M\u0259nas\u0131<\/b><br \/> F\u0259rsiz o\u011ful, anas\u0131n\u0131 k\u0259d\u0259rl\u0259ndirir; \u00f6vlad\u0131n m\u0259suliyy\u0259tsizliyi valideynl\u0259ri narahat edir.<\/p>\n","protected":false},"excerpt":{"rendered":"<p>&#8220;f\u0259rsiz o\u011ful anas\u0131n\u0131 a\u011fladar&#8221; atalar s\u00f6z\u00fc, bir insan\u0131n, x\u00fcsusil\u0259 d\u0259 o\u011fulun, \u00f6z valideynl\u0259rin\u0259, x\u00fcsusil\u0259 anas\u0131na, qar\u015f\u0131 olan m\u0259suliyy\u0259tl\u0259rini yerin\u0259 yetirm\u0259dikd\u0259, onlar\u0131n \u00fcz\u0259rind\u0259ki y\u00fck\u00fc art\u0131rd\u0131\u011f\u0131n\u0131 v\u0259 onlara k\u0259d\u0259r verdiyini ifad\u0259 edir. Bu s\u00f6z, valideynl\u0259rin \u00f6vladlar\u0131na olan sevgisini v\u0259 onlar\u0131n xo\u015fb\u0259xtliyini \u00f6n\u0259 \u00e7\u0131xar\u0131r. O\u011fulun f\u0259rsizliyi, y\u0259ni m\u0259suliyy\u0259tsizliyi, anan\u0131n ruh hal\u0131n\u0131 pisl\u0259\u015fdirir v\u0259 ona ac\u0131 ya\u015fad\u0131r. Bu atalar &#8230; <a title=\"F\u0259rsiz O\u011ful Anas\u0131n\u0131 A\u011fladar\" class=\"read-more\" href=\"https:\/\/nedir.az\/atalar-sozleri\/fersiz-ogul-anasini-agladar-atalar-sozunun-menasi-nedir\" aria-label=\"Read more about F\u0259rsiz O\u011ful Anas\u0131n\u0131 A\u011fladar\">Read more<\/a><\/p>\n","protected":false},"author":2,"featured_media":0,"comment_status":"open","ping_status":"open","sticky":false,"template":"","format":"standard","meta":{"footnotes":""},"categories":[1],"tags":[],"class_list":["post-6614","post","type-post","status-publish","format-standard","hentry","category-atalar-sozleri-atalar-sozu"],"aioseo_notices":[],"_links":{"self":[{"href":"https:\/\/nedir.az\/atalar-sozleri\/wp-json\/wp\/v2\/posts\/6614","targetHints":{"allow":["GET"]}}],"collection":[{"href":"https:\/\/nedir.az\/atalar-sozleri\/wp-json\/wp\/v2\/posts"}],"about":[{"href":"https:\/\/nedir.az\/atalar-sozleri\/wp-json\/wp\/v2\/types\/post"}],"author":[{"embeddable":true,"href":"https:\/\/nedir.az\/atalar-sozleri\/wp-json\/wp\/v2\/users\/2"}],"replies":[{"embeddable":true,"href":"https:\/\/nedir.az\/atalar-sozleri\/wp-json\/wp\/v2\/comments?post=6614"}],"version-history":[{"count":0,"href":"https:\/\/nedir.az\/atalar-sozleri\/wp-json\/wp\/v2\/posts\/6614\/revisions"}],"wp:attachment":[{"href":"https:\/\/nedir.az\/atalar-sozleri\/wp-json\/wp\/v2\/media?parent=6614"}],"wp:term":[{"taxonomy":"category","embeddable":true,"href":"https:\/\/nedir.az\/atalar-sozleri\/wp-json\/wp\/v2\/categories?post=6614"},{"taxonomy":"post_tag","embeddable":true,"href":"https:\/\/nedir.az\/atalar-sozleri\/wp-json\/wp\/v2\/tags?post=6614"}],"curies":[{"name":"wp","href":"https:\/\/api.w.org\/{rel}","templated":true}]}}