{"id":6610,"date":"2024-09-06T21:34:21","date_gmt":"2024-09-06T21:34:21","guid":{"rendered":""},"modified":"-0001-11-30T00:00:00","modified_gmt":"-0001-11-29T21:00:00","slug":"ferasetli-ogulun-papagi-sis-durar","status":"publish","type":"post","link":"https:\/\/nedir.az\/atalar-sozleri\/ferasetli-ogulun-papagi-sis-durar-atalar-sozunun-menasi-nedir","title":{"rendered":"F\u0259ras\u0259tli \u041e\u011fulun Papa\u011f\u0131 \u015ei\u015f Durar"},"content":{"rendered":"<p>\u201cf\u0259ras\u0259tli \u043e\u011fulun papa\u011f\u0131 \u015fi\u015f durar\u201d atalar s\u00f6z\u00fcn\u00fcn m\u0259nas\u0131, a\u011f\u0131ll\u0131, z\u0259kal\u0131 v\u0259 bacar\u0131ql\u0131 bir insan\u0131n h\u0259r zaman \u00f6z d\u0259y\u0259rini, yerini v\u0259 m\u00f6vqeyini qoruyub saxlayaca\u011f\u0131na i\u015far\u0259 edir. Bu s\u00f6z, bir insan\u0131n m\u00fcdrikliyi v\u0259 qabiliyy\u0259tl\u0259ri say\u0259sind\u0259 c\u0259miyy\u0259td\u0259ki statusunu y\u00fcks\u0259ld\u0259c\u0259yini, ba\u015fqalar\u0131 t\u0259r\u0259find\u0259n h\u00f6rm\u0259t qazanaca\u011f\u0131n\u0131 ifad\u0259 edir. H\u0259m\u00e7inin, bu atalar s\u00f6z\u00fc, valideynl\u0259rin \u00f6vladlar\u0131na verdiyi t\u0259rbiy\u0259nin v\u0259 onlar\u0131n yeti\u015fdirdiyi f\u0259ras\u0259tin \u0259h\u0259miyy\u0259tini vur\u011fulay\u0131r.<\/p>\n<p><b>Q\u0131sa M\u0259nas\u0131<\/b><br \/> A\u011f\u0131ll\u0131 v\u0259 bacar\u0131ql\u0131 insanlar\u0131n c\u0259miyy\u0259td\u0259 d\u0259y\u0259rli yer tutmas\u0131.<\/p>\n","protected":false},"excerpt":{"rendered":"<p>\u201cf\u0259ras\u0259tli \u043e\u011fulun papa\u011f\u0131 \u015fi\u015f durar\u201d atalar s\u00f6z\u00fcn\u00fcn m\u0259nas\u0131, a\u011f\u0131ll\u0131, z\u0259kal\u0131 v\u0259 bacar\u0131ql\u0131 bir insan\u0131n h\u0259r zaman \u00f6z d\u0259y\u0259rini, yerini v\u0259 m\u00f6vqeyini qoruyub saxlayaca\u011f\u0131na i\u015far\u0259 edir. Bu s\u00f6z, bir insan\u0131n m\u00fcdrikliyi v\u0259 qabiliyy\u0259tl\u0259ri say\u0259sind\u0259 c\u0259miyy\u0259td\u0259ki statusunu y\u00fcks\u0259ld\u0259c\u0259yini, ba\u015fqalar\u0131 t\u0259r\u0259find\u0259n h\u00f6rm\u0259t qazanaca\u011f\u0131n\u0131 ifad\u0259 edir. H\u0259m\u00e7inin, bu atalar s\u00f6z\u00fc, valideynl\u0259rin \u00f6vladlar\u0131na verdiyi t\u0259rbiy\u0259nin v\u0259 onlar\u0131n yeti\u015fdirdiyi f\u0259ras\u0259tin \u0259h\u0259miyy\u0259tini &#8230; <a title=\"F\u0259ras\u0259tli \u041e\u011fulun Papa\u011f\u0131 \u015ei\u015f Durar\" class=\"read-more\" href=\"https:\/\/nedir.az\/atalar-sozleri\/ferasetli-ogulun-papagi-sis-durar-atalar-sozunun-menasi-nedir\" aria-label=\"Read more about F\u0259ras\u0259tli \u041e\u011fulun Papa\u011f\u0131 \u015ei\u015f Durar\">Read more<\/a><\/p>\n","protected":false},"author":2,"featured_media":0,"comment_status":"open","ping_status":"open","sticky":false,"template":"","format":"standard","meta":{"footnotes":""},"categories":[1],"tags":[],"class_list":["post-6610","post","type-post","status-publish","format-standard","hentry","category-atalar-sozleri-atalar-sozu"],"aioseo_notices":[],"_links":{"self":[{"href":"https:\/\/nedir.az\/atalar-sozleri\/wp-json\/wp\/v2\/posts\/6610","targetHints":{"allow":["GET"]}}],"collection":[{"href":"https:\/\/nedir.az\/atalar-sozleri\/wp-json\/wp\/v2\/posts"}],"about":[{"href":"https:\/\/nedir.az\/atalar-sozleri\/wp-json\/wp\/v2\/types\/post"}],"author":[{"embeddable":true,"href":"https:\/\/nedir.az\/atalar-sozleri\/wp-json\/wp\/v2\/users\/2"}],"replies":[{"embeddable":true,"href":"https:\/\/nedir.az\/atalar-sozleri\/wp-json\/wp\/v2\/comments?post=6610"}],"version-history":[{"count":0,"href":"https:\/\/nedir.az\/atalar-sozleri\/wp-json\/wp\/v2\/posts\/6610\/revisions"}],"wp:attachment":[{"href":"https:\/\/nedir.az\/atalar-sozleri\/wp-json\/wp\/v2\/media?parent=6610"}],"wp:term":[{"taxonomy":"category","embeddable":true,"href":"https:\/\/nedir.az\/atalar-sozleri\/wp-json\/wp\/v2\/categories?post=6610"},{"taxonomy":"post_tag","embeddable":true,"href":"https:\/\/nedir.az\/atalar-sozleri\/wp-json\/wp\/v2\/tags?post=6610"}],"curies":[{"name":"wp","href":"https:\/\/api.w.org\/{rel}","templated":true}]}}