{"id":6609,"date":"2024-09-06T21:34:21","date_gmt":"2024-09-06T21:34:21","guid":{"rendered":""},"modified":"-0001-11-30T00:00:00","modified_gmt":"-0001-11-29T21:00:00","slug":"fend-ne-bilir-fel-ile-fendde-ne-var","status":"publish","type":"post","link":"https:\/\/nedir.az\/atalar-sozleri\/fend-ne-bilir-fel-ile-fendde-ne-var-atalar-sozunun-menasi-nedir","title":{"rendered":"F\u0259nd N\u0259 Bilir, Fel il\u0259 F\u0259ndd\u0259 N\u0259 Var?!"},"content":{"rendered":"<p>&#8220;f\u0259nd n\u0259 bilir, fel il\u0259 f\u0259ndd\u0259 n\u0259 var?!&#8221; atalar s\u00f6z\u00fcn\u00fcn m\u0259nas\u0131, bir i\u015fin g\u00f6r\u00fclm\u0259si \u00fc\u00e7\u00fcn yaln\u0131z bilik v\u0259 bacar\u0131q (f\u0259nd) deyil, eyni zamanda o i\u015fin icras\u0131 \u00fc\u00e7\u00fcn laz\u0131m olan f\u0259aliyy\u0259t (fel) da vacibdir. Bu s\u00f6z, bir \u015feyin yaln\u0131z n\u0259z\u0259ri bilikl\u0259rl\u0259 deyil, praktiki t\u0259tbiql\u0259rl\u0259 d\u0259 h\u0259yata ke\u00e7irilm\u0259sinin \u0259h\u0259miyy\u0259tini vur\u011fulay\u0131r. Y\u0259ni, bir insan\u0131n bir i\u015fi bacarmas\u0131 \u00fc\u00e7\u00fcn yaln\u0131z n\u0259z\u0259ri bilikl\u0259r\u0259 sahib olmas\u0131 kifay\u0259t etmir, eyni zamanda bu bilikl\u0259ri praktikada t\u0259tbiq ed\u0259 bilm\u0259si d\u0259 \u00f6n\u0259mlidir.<\/p>\n<p><b>Q\u0131sa M\u0259nas\u0131<\/b><br \/>Bir i\u015fin g\u00f6r\u00fclm\u0259si \u00fc\u00e7\u00fcn bilik v\u0259 bacar\u0131qla yana\u015f\u0131, praktiki f\u0259aliyy\u0259tin d\u0259 vacib oldu\u011funu ifad\u0259 edir.<\/p>\n","protected":false},"excerpt":{"rendered":"<p>&#8220;f\u0259nd n\u0259 bilir, fel il\u0259 f\u0259ndd\u0259 n\u0259 var?!&#8221; atalar s\u00f6z\u00fcn\u00fcn m\u0259nas\u0131, bir i\u015fin g\u00f6r\u00fclm\u0259si \u00fc\u00e7\u00fcn yaln\u0131z bilik v\u0259 bacar\u0131q (f\u0259nd) deyil, eyni zamanda o i\u015fin icras\u0131 \u00fc\u00e7\u00fcn laz\u0131m olan f\u0259aliyy\u0259t (fel) da vacibdir. Bu s\u00f6z, bir \u015feyin yaln\u0131z n\u0259z\u0259ri bilikl\u0259rl\u0259 deyil, praktiki t\u0259tbiql\u0259rl\u0259 d\u0259 h\u0259yata ke\u00e7irilm\u0259sinin \u0259h\u0259miyy\u0259tini vur\u011fulay\u0131r. Y\u0259ni, bir insan\u0131n bir i\u015fi bacarmas\u0131 \u00fc\u00e7\u00fcn &#8230; <a title=\"F\u0259nd N\u0259 Bilir, Fel il\u0259 F\u0259ndd\u0259 N\u0259 Var?!\" class=\"read-more\" href=\"https:\/\/nedir.az\/atalar-sozleri\/fend-ne-bilir-fel-ile-fendde-ne-var-atalar-sozunun-menasi-nedir\" aria-label=\"Read more about F\u0259nd N\u0259 Bilir, Fel il\u0259 F\u0259ndd\u0259 N\u0259 Var?!\">Read more<\/a><\/p>\n","protected":false},"author":2,"featured_media":0,"comment_status":"open","ping_status":"open","sticky":false,"template":"","format":"standard","meta":{"footnotes":""},"categories":[1],"tags":[],"class_list":["post-6609","post","type-post","status-publish","format-standard","hentry","category-atalar-sozleri-atalar-sozu"],"aioseo_notices":[],"_links":{"self":[{"href":"https:\/\/nedir.az\/atalar-sozleri\/wp-json\/wp\/v2\/posts\/6609","targetHints":{"allow":["GET"]}}],"collection":[{"href":"https:\/\/nedir.az\/atalar-sozleri\/wp-json\/wp\/v2\/posts"}],"about":[{"href":"https:\/\/nedir.az\/atalar-sozleri\/wp-json\/wp\/v2\/types\/post"}],"author":[{"embeddable":true,"href":"https:\/\/nedir.az\/atalar-sozleri\/wp-json\/wp\/v2\/users\/2"}],"replies":[{"embeddable":true,"href":"https:\/\/nedir.az\/atalar-sozleri\/wp-json\/wp\/v2\/comments?post=6609"}],"version-history":[{"count":0,"href":"https:\/\/nedir.az\/atalar-sozleri\/wp-json\/wp\/v2\/posts\/6609\/revisions"}],"wp:attachment":[{"href":"https:\/\/nedir.az\/atalar-sozleri\/wp-json\/wp\/v2\/media?parent=6609"}],"wp:term":[{"taxonomy":"category","embeddable":true,"href":"https:\/\/nedir.az\/atalar-sozleri\/wp-json\/wp\/v2\/categories?post=6609"},{"taxonomy":"post_tag","embeddable":true,"href":"https:\/\/nedir.az\/atalar-sozleri\/wp-json\/wp\/v2\/tags?post=6609"}],"curies":[{"name":"wp","href":"https:\/\/api.w.org\/{rel}","templated":true}]}}