{"id":6607,"date":"2024-09-06T21:34:21","date_gmt":"2024-09-06T21:34:21","guid":{"rendered":""},"modified":"-0001-11-30T00:00:00","modified_gmt":"-0001-11-29T21:00:00","slug":"fend-eden-yolda-qalar","status":"publish","type":"post","link":"https:\/\/nedir.az\/atalar-sozleri\/fend-eden-yolda-qalar-atalar-sozunun-menasi-nedir","title":{"rendered":"F\u0259nd Ed\u0259n Yolda Qalar"},"content":{"rendered":"<p>&#8220;f\u0259nd ed\u0259n yolda qalar&#8221; atalar s\u00f6z\u00fcn\u00fcn m\u0259nas\u0131, insanlar\u0131n hiyl\u0259g\u0259r v\u0259 ya aldat\u0131c\u0131 yollarla m\u0259qs\u0259dl\u0259rin\u0259 \u00e7atma\u011fa \u00e7al\u0131\u015fd\u0131qda, bu c\u00fcr davran\u0131\u015flar\u0131n onlara ziyan vuraca\u011f\u0131n\u0131 v\u0259 n\u0259tic\u0259d\u0259 \u00f6zl\u0259rini \u00e7\u0259tin v\u0259ziyy\u0259t\u0259 salacaqlar\u0131n\u0131 ifad\u0259 edir. Bu atalar s\u00f6z\u00fc, d\u00fcr\u00fcstl\u00fck v\u0259 a\u00e7\u0131q fikirlilik prinsipl\u0259rinin \u0259h\u0259miyy\u0259tini vur\u011fulay\u0131r. Hiyl\u0259g\u0259r yollarla ir\u0259lil\u0259y\u0259n insanlar, sonunda \u00f6z f\u0259ndl\u0259rinin qurban\u0131 olurlar v\u0259 bu, onlar\u0131n u\u011fursuzlu\u011funa s\u0259b\u0259b olur.<\/p>\n<p><b>Q\u0131sa M\u0259nas\u0131<\/b><br \/> Hiyl\u0259g\u0259r yollarla ir\u0259lil\u0259y\u0259nl\u0259r, sonunda \u00f6z f\u0259ndl\u0259rinin qurban\u0131 olurlar.<\/p>\n","protected":false},"excerpt":{"rendered":"<p>&#8220;f\u0259nd ed\u0259n yolda qalar&#8221; atalar s\u00f6z\u00fcn\u00fcn m\u0259nas\u0131, insanlar\u0131n hiyl\u0259g\u0259r v\u0259 ya aldat\u0131c\u0131 yollarla m\u0259qs\u0259dl\u0259rin\u0259 \u00e7atma\u011fa \u00e7al\u0131\u015fd\u0131qda, bu c\u00fcr davran\u0131\u015flar\u0131n onlara ziyan vuraca\u011f\u0131n\u0131 v\u0259 n\u0259tic\u0259d\u0259 \u00f6zl\u0259rini \u00e7\u0259tin v\u0259ziyy\u0259t\u0259 salacaqlar\u0131n\u0131 ifad\u0259 edir. Bu atalar s\u00f6z\u00fc, d\u00fcr\u00fcstl\u00fck v\u0259 a\u00e7\u0131q fikirlilik prinsipl\u0259rinin \u0259h\u0259miyy\u0259tini vur\u011fulay\u0131r. Hiyl\u0259g\u0259r yollarla ir\u0259lil\u0259y\u0259n insanlar, sonunda \u00f6z f\u0259ndl\u0259rinin qurban\u0131 olurlar v\u0259 bu, onlar\u0131n u\u011fursuzlu\u011funa s\u0259b\u0259b olur. &#8230; <a title=\"F\u0259nd Ed\u0259n Yolda Qalar\" class=\"read-more\" href=\"https:\/\/nedir.az\/atalar-sozleri\/fend-eden-yolda-qalar-atalar-sozunun-menasi-nedir\" aria-label=\"Read more about F\u0259nd Ed\u0259n Yolda Qalar\">Read more<\/a><\/p>\n","protected":false},"author":2,"featured_media":0,"comment_status":"open","ping_status":"open","sticky":false,"template":"","format":"standard","meta":{"footnotes":""},"categories":[1],"tags":[],"class_list":["post-6607","post","type-post","status-publish","format-standard","hentry","category-atalar-sozleri-atalar-sozu"],"aioseo_notices":[],"_links":{"self":[{"href":"https:\/\/nedir.az\/atalar-sozleri\/wp-json\/wp\/v2\/posts\/6607","targetHints":{"allow":["GET"]}}],"collection":[{"href":"https:\/\/nedir.az\/atalar-sozleri\/wp-json\/wp\/v2\/posts"}],"about":[{"href":"https:\/\/nedir.az\/atalar-sozleri\/wp-json\/wp\/v2\/types\/post"}],"author":[{"embeddable":true,"href":"https:\/\/nedir.az\/atalar-sozleri\/wp-json\/wp\/v2\/users\/2"}],"replies":[{"embeddable":true,"href":"https:\/\/nedir.az\/atalar-sozleri\/wp-json\/wp\/v2\/comments?post=6607"}],"version-history":[{"count":0,"href":"https:\/\/nedir.az\/atalar-sozleri\/wp-json\/wp\/v2\/posts\/6607\/revisions"}],"wp:attachment":[{"href":"https:\/\/nedir.az\/atalar-sozleri\/wp-json\/wp\/v2\/media?parent=6607"}],"wp:term":[{"taxonomy":"category","embeddable":true,"href":"https:\/\/nedir.az\/atalar-sozleri\/wp-json\/wp\/v2\/categories?post=6607"},{"taxonomy":"post_tag","embeddable":true,"href":"https:\/\/nedir.az\/atalar-sozleri\/wp-json\/wp\/v2\/tags?post=6607"}],"curies":[{"name":"wp","href":"https:\/\/api.w.org\/{rel}","templated":true}]}}