{"id":6603,"date":"2024-09-06T21:34:20","date_gmt":"2024-09-06T21:34:20","guid":{"rendered":""},"modified":"-0001-11-30T00:00:00","modified_gmt":"-0001-11-29T21:00:00","slug":"feleyin-gozu-kordur","status":"publish","type":"post","link":"https:\/\/nedir.az\/atalar-sozleri\/feleyin-gozu-kordur-atalar-sozunun-menasi-nedir","title":{"rendered":"F\u0259l\u0259yin G\u00f6z\u00fc Kordur"},"content":{"rendered":"<p>\u201cf\u0259l\u0259yin g\u00f6z\u00fc kordur\u201d atalar s\u00f6z\u00fcn\u00fcn m\u0259nas\u0131, insan\u0131n taleyinin, qism\u0259tinin b\u0259z\u0259n g\u00f6zl\u0259nilm\u0259z v\u0259 \u0259dal\u0259tsiz bir \u015f\u0259kild\u0259 formala\u015fd\u0131\u011f\u0131n\u0131 ifad\u0259 edir. Bu s\u00f6z, h\u0259yat\u0131n \u00e7\u0259tinlikl\u0259ri v\u0259 g\u00f6zl\u0259nilm\u0259z hadis\u0259l\u0259ri qar\u015f\u0131s\u0131nda insanlar\u0131n b\u0259z\u0259n \u00e7aresiz qald\u0131\u011f\u0131n\u0131, taleyin ac\u0131mas\u0131z ola bil\u0259c\u0259yini vur\u011fulay\u0131r. H\u0259m\u00e7inin, bu atalar s\u00f6z\u00fc, insanlar\u0131n ba\u015flar\u0131na g\u0259l\u0259n pis hadis\u0259l\u0259rin b\u0259z\u0259n onlar\u0131n \u00f6z g\u00fcnah\u0131 olmadan ba\u015f verdiyini, f\u0259l\u0259yin, y\u0259ni taleyin, insanlar\u0131 \u0259dal\u0259tsiz \u015f\u0259kild\u0259 s\u0131na\u011fa \u00e7\u0259k\u0259 bil\u0259c\u0259yini g\u00f6st\u0259rir.<\/p>\n<p><b>Q\u0131sa M\u0259nas\u0131<\/b><br \/>Taleyin \u0259dal\u0259tsizliyi v\u0259 g\u00f6zl\u0259nilm\u0259z \u00e7\u0259tinlikl\u0259r.<\/p>\n","protected":false},"excerpt":{"rendered":"<p>\u201cf\u0259l\u0259yin g\u00f6z\u00fc kordur\u201d atalar s\u00f6z\u00fcn\u00fcn m\u0259nas\u0131, insan\u0131n taleyinin, qism\u0259tinin b\u0259z\u0259n g\u00f6zl\u0259nilm\u0259z v\u0259 \u0259dal\u0259tsiz bir \u015f\u0259kild\u0259 formala\u015fd\u0131\u011f\u0131n\u0131 ifad\u0259 edir. Bu s\u00f6z, h\u0259yat\u0131n \u00e7\u0259tinlikl\u0259ri v\u0259 g\u00f6zl\u0259nilm\u0259z hadis\u0259l\u0259ri qar\u015f\u0131s\u0131nda insanlar\u0131n b\u0259z\u0259n \u00e7aresiz qald\u0131\u011f\u0131n\u0131, taleyin ac\u0131mas\u0131z ola bil\u0259c\u0259yini vur\u011fulay\u0131r. H\u0259m\u00e7inin, bu atalar s\u00f6z\u00fc, insanlar\u0131n ba\u015flar\u0131na g\u0259l\u0259n pis hadis\u0259l\u0259rin b\u0259z\u0259n onlar\u0131n \u00f6z g\u00fcnah\u0131 olmadan ba\u015f verdiyini, f\u0259l\u0259yin, y\u0259ni taleyin, insanlar\u0131 &#8230; <a title=\"F\u0259l\u0259yin G\u00f6z\u00fc Kordur\" class=\"read-more\" href=\"https:\/\/nedir.az\/atalar-sozleri\/feleyin-gozu-kordur-atalar-sozunun-menasi-nedir\" aria-label=\"Read more about F\u0259l\u0259yin G\u00f6z\u00fc Kordur\">Read more<\/a><\/p>\n","protected":false},"author":2,"featured_media":0,"comment_status":"open","ping_status":"open","sticky":false,"template":"","format":"standard","meta":{"footnotes":""},"categories":[1],"tags":[],"class_list":["post-6603","post","type-post","status-publish","format-standard","hentry","category-atalar-sozleri-atalar-sozu"],"aioseo_notices":[],"_links":{"self":[{"href":"https:\/\/nedir.az\/atalar-sozleri\/wp-json\/wp\/v2\/posts\/6603","targetHints":{"allow":["GET"]}}],"collection":[{"href":"https:\/\/nedir.az\/atalar-sozleri\/wp-json\/wp\/v2\/posts"}],"about":[{"href":"https:\/\/nedir.az\/atalar-sozleri\/wp-json\/wp\/v2\/types\/post"}],"author":[{"embeddable":true,"href":"https:\/\/nedir.az\/atalar-sozleri\/wp-json\/wp\/v2\/users\/2"}],"replies":[{"embeddable":true,"href":"https:\/\/nedir.az\/atalar-sozleri\/wp-json\/wp\/v2\/comments?post=6603"}],"version-history":[{"count":0,"href":"https:\/\/nedir.az\/atalar-sozleri\/wp-json\/wp\/v2\/posts\/6603\/revisions"}],"wp:attachment":[{"href":"https:\/\/nedir.az\/atalar-sozleri\/wp-json\/wp\/v2\/media?parent=6603"}],"wp:term":[{"taxonomy":"category","embeddable":true,"href":"https:\/\/nedir.az\/atalar-sozleri\/wp-json\/wp\/v2\/categories?post=6603"},{"taxonomy":"post_tag","embeddable":true,"href":"https:\/\/nedir.az\/atalar-sozleri\/wp-json\/wp\/v2\/tags?post=6603"}],"curies":[{"name":"wp","href":"https:\/\/api.w.org\/{rel}","templated":true}]}}