{"id":6598,"date":"2024-09-06T21:34:20","date_gmt":"2024-09-06T21:34:20","guid":{"rendered":""},"modified":"-0001-11-30T00:00:00","modified_gmt":"-0001-11-29T21:00:00","slug":"feleye-sillaq-atir","status":"publish","type":"post","link":"https:\/\/nedir.az\/atalar-sozleri\/feleye-sillaq-atir-atalar-sozunun-menasi-nedir","title":{"rendered":"F\u0259l\u0259y\u0259 \u015e\u0131llaq At\u0131r"},"content":{"rendered":"<p>\u201cf\u0259l\u0259y\u0259 \u015f\u0131llaq at\u0131r\u201d atalar s\u00f6z\u00fcn\u00fcn m\u0259nas\u0131, insan\u0131n \u00f6z taleyini, h\u0259yat\u0131n\u0131 v\u0259 ya ba\u015f\u0131na g\u0259l\u0259n hadis\u0259l\u0259ri \u00f6z \u0259ll\u0259ri il\u0259 m\u00fc\u0259yy\u0259n etm\u0259si, y\u0259ni \u00f6z se\u00e7iml\u0259ri v\u0259 davran\u0131\u015flar\u0131 il\u0259 g\u0259l\u0259c\u0259yini formala\u015fd\u0131rmas\u0131 dem\u0259kdir. Bu ifad\u0259, insan\u0131n \u00f6z h\u0259yat\u0131nda ba\u015f ver\u0259nl\u0259r\u0259 g\u00f6r\u0259 m\u0259suliyy\u0259t da\u015f\u0131d\u0131\u011f\u0131n\u0131 vur\u011fulay\u0131r. H\u0259m\u00e7inin, bu atalar s\u00f6z\u00fc, b\u0259z\u0259n ba\u015fqalar\u0131n\u0131n t\u0259sirind\u0259n as\u0131l\u0131 olmadan, insan\u0131n \u00f6z irad\u0259si il\u0259 h\u0259r\u0259k\u0259t etm\u0259sinin vacibliyini d\u0259 ifad\u0259 edir.<\/p>\n<p><b>Q\u0131sa M\u0259nas\u0131<\/b><br \/> \u0130nsan \u00f6z taleyini \u00f6z se\u00e7iml\u0259ri il\u0259 m\u00fc\u0259yy\u0259n edir.<\/p>\n","protected":false},"excerpt":{"rendered":"<p>\u201cf\u0259l\u0259y\u0259 \u015f\u0131llaq at\u0131r\u201d atalar s\u00f6z\u00fcn\u00fcn m\u0259nas\u0131, insan\u0131n \u00f6z taleyini, h\u0259yat\u0131n\u0131 v\u0259 ya ba\u015f\u0131na g\u0259l\u0259n hadis\u0259l\u0259ri \u00f6z \u0259ll\u0259ri il\u0259 m\u00fc\u0259yy\u0259n etm\u0259si, y\u0259ni \u00f6z se\u00e7iml\u0259ri v\u0259 davran\u0131\u015flar\u0131 il\u0259 g\u0259l\u0259c\u0259yini formala\u015fd\u0131rmas\u0131 dem\u0259kdir. Bu ifad\u0259, insan\u0131n \u00f6z h\u0259yat\u0131nda ba\u015f ver\u0259nl\u0259r\u0259 g\u00f6r\u0259 m\u0259suliyy\u0259t da\u015f\u0131d\u0131\u011f\u0131n\u0131 vur\u011fulay\u0131r. H\u0259m\u00e7inin, bu atalar s\u00f6z\u00fc, b\u0259z\u0259n ba\u015fqalar\u0131n\u0131n t\u0259sirind\u0259n as\u0131l\u0131 olmadan, insan\u0131n \u00f6z irad\u0259si il\u0259 h\u0259r\u0259k\u0259t etm\u0259sinin &#8230; <a title=\"F\u0259l\u0259y\u0259 \u015e\u0131llaq At\u0131r\" class=\"read-more\" href=\"https:\/\/nedir.az\/atalar-sozleri\/feleye-sillaq-atir-atalar-sozunun-menasi-nedir\" aria-label=\"Read more about F\u0259l\u0259y\u0259 \u015e\u0131llaq At\u0131r\">Read more<\/a><\/p>\n","protected":false},"author":2,"featured_media":0,"comment_status":"open","ping_status":"open","sticky":false,"template":"","format":"standard","meta":{"footnotes":""},"categories":[1],"tags":[],"class_list":["post-6598","post","type-post","status-publish","format-standard","hentry","category-atalar-sozleri-atalar-sozu"],"aioseo_notices":[],"_links":{"self":[{"href":"https:\/\/nedir.az\/atalar-sozleri\/wp-json\/wp\/v2\/posts\/6598","targetHints":{"allow":["GET"]}}],"collection":[{"href":"https:\/\/nedir.az\/atalar-sozleri\/wp-json\/wp\/v2\/posts"}],"about":[{"href":"https:\/\/nedir.az\/atalar-sozleri\/wp-json\/wp\/v2\/types\/post"}],"author":[{"embeddable":true,"href":"https:\/\/nedir.az\/atalar-sozleri\/wp-json\/wp\/v2\/users\/2"}],"replies":[{"embeddable":true,"href":"https:\/\/nedir.az\/atalar-sozleri\/wp-json\/wp\/v2\/comments?post=6598"}],"version-history":[{"count":0,"href":"https:\/\/nedir.az\/atalar-sozleri\/wp-json\/wp\/v2\/posts\/6598\/revisions"}],"wp:attachment":[{"href":"https:\/\/nedir.az\/atalar-sozleri\/wp-json\/wp\/v2\/media?parent=6598"}],"wp:term":[{"taxonomy":"category","embeddable":true,"href":"https:\/\/nedir.az\/atalar-sozleri\/wp-json\/wp\/v2\/categories?post=6598"},{"taxonomy":"post_tag","embeddable":true,"href":"https:\/\/nedir.az\/atalar-sozleri\/wp-json\/wp\/v2\/tags?post=6598"}],"curies":[{"name":"wp","href":"https:\/\/api.w.org\/{rel}","templated":true}]}}