{"id":6594,"date":"2024-09-06T21:34:20","date_gmt":"2024-09-06T21:34:20","guid":{"rendered":""},"modified":"-0001-11-30T00:00:00","modified_gmt":"-0001-11-29T21:00:00","slug":"felek-hec-kimin-reyince-getmez","status":"publish","type":"post","link":"https:\/\/nedir.az\/atalar-sozleri\/felek-hec-kimin-reyince-getmez-atalar-sozunun-menasi-nedir","title":{"rendered":"F\u0259l\u0259k He\u00e7 Kimin R\u0259yinc\u0259 Getm\u0259z"},"content":{"rendered":"<p>\u201cf\u0259l\u0259k he\u00e7 kimin r\u0259yinc\u0259 getm\u0259z\u201d atalar s\u00f6z\u00fcn\u00fcn m\u0259nas\u0131, insan\u0131n h\u0259yat\u0131nda ba\u015f ver\u0259n hadis\u0259l\u0259rin, taleyin v\u0259 ya f\u0259l\u0259yin, insanlar\u0131n ist\u0259kl\u0259rin\u0259 v\u0259 planlar\u0131na uy\u011fun olaraq inki\u015faf etm\u0259diyini ifad\u0259 edir. Bu s\u00f6z, b\u0259z\u0259n insanlar\u0131n ist\u0259dikl\u0259ri \u015feyl\u0259rin ba\u015f verm\u0259diyi, g\u00f6zl\u0259nilm\u0259z \u00e7\u0259tinlikl\u0259rin ortaya \u00e7\u0131xd\u0131\u011f\u0131 v\u0259 h\u0259yat\u0131n s\u00fcrprizl\u0259rl\u0259 dolu oldu\u011fu anlam\u0131n\u0131 da\u015f\u0131y\u0131r. H\u0259m\u00e7inin, bu atalar s\u00f6z\u00fc, insanlar\u0131n \u00f6z irad\u0259l\u0259rind\u0259n as\u0131l\u0131 olmayaraq, b\u0259zi \u015feyl\u0259rin ba\u015f ver\u0259c\u0259yini v\u0259 bununla bar\u0131\u015fmaq laz\u0131m oldu\u011funu vur\u011fulay\u0131r.<\/p>\n<p><b>Q\u0131sa M\u0259nas\u0131<\/b><br \/> H\u0259yat\u0131n gedi\u015fat\u0131n\u0131n insanlar\u0131n ist\u0259kl\u0259rin\u0259 uy\u011fun olmad\u0131\u011f\u0131n\u0131, taleyin b\u0259z\u0259n g\u00f6zl\u0259nilm\u0259z yollarla inki\u015faf etdiyini bildirir.<\/p>\n","protected":false},"excerpt":{"rendered":"<p>\u201cf\u0259l\u0259k he\u00e7 kimin r\u0259yinc\u0259 getm\u0259z\u201d atalar s\u00f6z\u00fcn\u00fcn m\u0259nas\u0131, insan\u0131n h\u0259yat\u0131nda ba\u015f ver\u0259n hadis\u0259l\u0259rin, taleyin v\u0259 ya f\u0259l\u0259yin, insanlar\u0131n ist\u0259kl\u0259rin\u0259 v\u0259 planlar\u0131na uy\u011fun olaraq inki\u015faf etm\u0259diyini ifad\u0259 edir. Bu s\u00f6z, b\u0259z\u0259n insanlar\u0131n ist\u0259dikl\u0259ri \u015feyl\u0259rin ba\u015f verm\u0259diyi, g\u00f6zl\u0259nilm\u0259z \u00e7\u0259tinlikl\u0259rin ortaya \u00e7\u0131xd\u0131\u011f\u0131 v\u0259 h\u0259yat\u0131n s\u00fcrprizl\u0259rl\u0259 dolu oldu\u011fu anlam\u0131n\u0131 da\u015f\u0131y\u0131r. H\u0259m\u00e7inin, bu atalar s\u00f6z\u00fc, insanlar\u0131n \u00f6z irad\u0259l\u0259rind\u0259n as\u0131l\u0131 olmayaraq, &#8230; <a title=\"F\u0259l\u0259k He\u00e7 Kimin R\u0259yinc\u0259 Getm\u0259z\" class=\"read-more\" href=\"https:\/\/nedir.az\/atalar-sozleri\/felek-hec-kimin-reyince-getmez-atalar-sozunun-menasi-nedir\" aria-label=\"Read more about F\u0259l\u0259k He\u00e7 Kimin R\u0259yinc\u0259 Getm\u0259z\">Read more<\/a><\/p>\n","protected":false},"author":2,"featured_media":0,"comment_status":"open","ping_status":"open","sticky":false,"template":"","format":"standard","meta":{"footnotes":""},"categories":[1],"tags":[],"class_list":["post-6594","post","type-post","status-publish","format-standard","hentry","category-atalar-sozleri-atalar-sozu"],"aioseo_notices":[],"_links":{"self":[{"href":"https:\/\/nedir.az\/atalar-sozleri\/wp-json\/wp\/v2\/posts\/6594","targetHints":{"allow":["GET"]}}],"collection":[{"href":"https:\/\/nedir.az\/atalar-sozleri\/wp-json\/wp\/v2\/posts"}],"about":[{"href":"https:\/\/nedir.az\/atalar-sozleri\/wp-json\/wp\/v2\/types\/post"}],"author":[{"embeddable":true,"href":"https:\/\/nedir.az\/atalar-sozleri\/wp-json\/wp\/v2\/users\/2"}],"replies":[{"embeddable":true,"href":"https:\/\/nedir.az\/atalar-sozleri\/wp-json\/wp\/v2\/comments?post=6594"}],"version-history":[{"count":0,"href":"https:\/\/nedir.az\/atalar-sozleri\/wp-json\/wp\/v2\/posts\/6594\/revisions"}],"wp:attachment":[{"href":"https:\/\/nedir.az\/atalar-sozleri\/wp-json\/wp\/v2\/media?parent=6594"}],"wp:term":[{"taxonomy":"category","embeddable":true,"href":"https:\/\/nedir.az\/atalar-sozleri\/wp-json\/wp\/v2\/categories?post=6594"},{"taxonomy":"post_tag","embeddable":true,"href":"https:\/\/nedir.az\/atalar-sozleri\/wp-json\/wp\/v2\/tags?post=6594"}],"curies":[{"name":"wp","href":"https:\/\/api.w.org\/{rel}","templated":true}]}}