{"id":6588,"date":"2024-09-06T21:34:20","date_gmt":"2024-09-06T21:34:20","guid":{"rendered":""},"modified":"-0001-11-30T00:00:00","modified_gmt":"-0001-11-29T21:00:00","slug":"feqire-hemdem-gelmez-geler-bas-agrisi","status":"publish","type":"post","link":"https:\/\/nedir.az\/atalar-sozleri\/feqire-hemdem-gelmez-geler-bas-agrisi-atalar-sozunun-menasi-nedir","title":{"rendered":"F\u0259qir\u0259 H\u0259md\u0259m G\u0259lm\u0259z, G\u0259l\u0259r Ba\u015f A\u011fr\u0131s\u0131"},"content":{"rendered":"<p>\u201cf\u0259qir\u0259 h\u0259md\u0259m g\u0259lm\u0259z, g\u0259l\u0259r ba\u015f a\u011fr\u0131s\u0131\u201d atalar s\u00f6z\u00fc, insanlar\u0131n bir-birin\u0259 k\u00f6m\u0259k etm\u0259dikd\u0259, bir araya g\u0259lm\u0259dikd\u0259, yaln\u0131z probleml\u0259rin artaca\u011f\u0131n\u0131 ifad\u0259 edir. Bu s\u00f6z, \u00e7\u0259tinlikl\u0259rin payla\u015f\u0131lmad\u0131\u011f\u0131, birg\u0259 m\u00fcbariz\u0259 apar\u0131lmad\u0131\u011f\u0131 zaman, insanlar\u0131n yaln\u0131z \u00f6z \u00e7\u0259tinlikl\u0259ri il\u0259 ba\u015f-ba\u015fa qald\u0131qlar\u0131n\u0131 v\u0259 bu v\u0259ziyy\u0259tin daha da a\u011f\u0131rla\u015faca\u011f\u0131n\u0131 vur\u011fulay\u0131r. Y\u0259ni, bir insan\u0131n \u00e7\u0259tinlikl\u0259rini ba\u015fqalar\u0131 il\u0259 b\u00f6l\u00fc\u015fm\u0259m\u0259si, ona yaln\u0131z daha \u00e7ox stress v\u0259 narahatl\u0131q g\u0259tirir.<\/p>\n<p><b>Q\u0131sa M\u0259nas\u0131<\/b><br \/>Bu atalar s\u00f6z\u00fc, insanlar\u0131n bir-birin\u0259 d\u0259st\u0259k olmalar\u0131n\u0131n vacibliyini v\u0259 yaln\u0131zl\u0131\u011f\u0131n \u00e7\u0259tinlikl\u0259ri art\u0131rd\u0131\u011f\u0131n\u0131 bildirir.<\/p>\n","protected":false},"excerpt":{"rendered":"<p>\u201cf\u0259qir\u0259 h\u0259md\u0259m g\u0259lm\u0259z, g\u0259l\u0259r ba\u015f a\u011fr\u0131s\u0131\u201d atalar s\u00f6z\u00fc, insanlar\u0131n bir-birin\u0259 k\u00f6m\u0259k etm\u0259dikd\u0259, bir araya g\u0259lm\u0259dikd\u0259, yaln\u0131z probleml\u0259rin artaca\u011f\u0131n\u0131 ifad\u0259 edir. Bu s\u00f6z, \u00e7\u0259tinlikl\u0259rin payla\u015f\u0131lmad\u0131\u011f\u0131, birg\u0259 m\u00fcbariz\u0259 apar\u0131lmad\u0131\u011f\u0131 zaman, insanlar\u0131n yaln\u0131z \u00f6z \u00e7\u0259tinlikl\u0259ri il\u0259 ba\u015f-ba\u015fa qald\u0131qlar\u0131n\u0131 v\u0259 bu v\u0259ziyy\u0259tin daha da a\u011f\u0131rla\u015faca\u011f\u0131n\u0131 vur\u011fulay\u0131r. Y\u0259ni, bir insan\u0131n \u00e7\u0259tinlikl\u0259rini ba\u015fqalar\u0131 il\u0259 b\u00f6l\u00fc\u015fm\u0259m\u0259si, ona yaln\u0131z daha \u00e7ox stress v\u0259 &#8230; <a title=\"F\u0259qir\u0259 H\u0259md\u0259m G\u0259lm\u0259z, G\u0259l\u0259r Ba\u015f A\u011fr\u0131s\u0131\" class=\"read-more\" href=\"https:\/\/nedir.az\/atalar-sozleri\/feqire-hemdem-gelmez-geler-bas-agrisi-atalar-sozunun-menasi-nedir\" aria-label=\"Read more about F\u0259qir\u0259 H\u0259md\u0259m G\u0259lm\u0259z, G\u0259l\u0259r Ba\u015f A\u011fr\u0131s\u0131\">Read more<\/a><\/p>\n","protected":false},"author":2,"featured_media":0,"comment_status":"open","ping_status":"open","sticky":false,"template":"","format":"standard","meta":{"footnotes":""},"categories":[1],"tags":[],"class_list":["post-6588","post","type-post","status-publish","format-standard","hentry","category-atalar-sozleri-atalar-sozu"],"aioseo_notices":[],"_links":{"self":[{"href":"https:\/\/nedir.az\/atalar-sozleri\/wp-json\/wp\/v2\/posts\/6588","targetHints":{"allow":["GET"]}}],"collection":[{"href":"https:\/\/nedir.az\/atalar-sozleri\/wp-json\/wp\/v2\/posts"}],"about":[{"href":"https:\/\/nedir.az\/atalar-sozleri\/wp-json\/wp\/v2\/types\/post"}],"author":[{"embeddable":true,"href":"https:\/\/nedir.az\/atalar-sozleri\/wp-json\/wp\/v2\/users\/2"}],"replies":[{"embeddable":true,"href":"https:\/\/nedir.az\/atalar-sozleri\/wp-json\/wp\/v2\/comments?post=6588"}],"version-history":[{"count":0,"href":"https:\/\/nedir.az\/atalar-sozleri\/wp-json\/wp\/v2\/posts\/6588\/revisions"}],"wp:attachment":[{"href":"https:\/\/nedir.az\/atalar-sozleri\/wp-json\/wp\/v2\/media?parent=6588"}],"wp:term":[{"taxonomy":"category","embeddable":true,"href":"https:\/\/nedir.az\/atalar-sozleri\/wp-json\/wp\/v2\/categories?post=6588"},{"taxonomy":"post_tag","embeddable":true,"href":"https:\/\/nedir.az\/atalar-sozleri\/wp-json\/wp\/v2\/tags?post=6588"}],"curies":[{"name":"wp","href":"https:\/\/api.w.org\/{rel}","templated":true}]}}