{"id":6584,"date":"2024-09-06T21:34:20","date_gmt":"2024-09-06T21:34:20","guid":{"rendered":""},"modified":"-0001-11-30T00:00:00","modified_gmt":"-0001-11-29T21:00:00","slug":"fayda-zererin-qardasidir","status":"publish","type":"post","link":"https:\/\/nedir.az\/atalar-sozleri\/fayda-zererin-qardasidir-atalar-sozunun-menasi-nedir","title":{"rendered":"Fayda Z\u0259r\u0259rin Qarda\u015f\u0131d\u0131r"},"content":{"rendered":"<p>&#8220;fayda z\u0259r\u0259rin qarda\u015f\u0131d\u0131r&#8221; atalar s\u00f6z\u00fcn\u00fcn m\u0259nas\u0131, bir i\u015fin ya da f\u0259aliyy\u0259tin h\u0259m m\u00fcsb\u0259t, h\u0259m d\u0259 m\u0259nfi t\u0259r\u0259fl\u0259rinin oldu\u011funu ifad\u0259 edir. Bu s\u00f6z, bir \u015feyin faydal\u0131 olmas\u0131n\u0131n yan\u0131nda, onun z\u0259r\u0259rli t\u0259r\u0259fl\u0259rinin d\u0259 ola bil\u0259c\u0259yini vur\u011fulay\u0131r. H\u0259yatda h\u0259r hans\u0131 bir se\u00e7im etdikd\u0259, onun n\u0259tic\u0259l\u0259rinin h\u0259m yax\u015f\u0131, h\u0259m d\u0259 pis ola bil\u0259c\u0259yini unutmamaq vacibdir. Bu atalar s\u00f6z\u00fc, insanlar\u0131 daha diqq\u0259tli v\u0259 d\u00fc\u015f\u00fcnc\u0259li olma\u011fa \u00e7a\u011f\u0131r\u0131r, \u00e7\u00fcnki h\u0259r bir fayda, eyni zamanda bir risk da\u015f\u0131y\u0131r.<\/p>\n<p><b>Q\u0131sa M\u0259nas\u0131<\/b><br \/> H\u0259r bir faydan\u0131n arxas\u0131nda bir z\u0259r\u0259r ola bil\u0259r; diqq\u0259tli olmaq laz\u0131md\u0131r.<\/p>\n","protected":false},"excerpt":{"rendered":"<p>&#8220;fayda z\u0259r\u0259rin qarda\u015f\u0131d\u0131r&#8221; atalar s\u00f6z\u00fcn\u00fcn m\u0259nas\u0131, bir i\u015fin ya da f\u0259aliyy\u0259tin h\u0259m m\u00fcsb\u0259t, h\u0259m d\u0259 m\u0259nfi t\u0259r\u0259fl\u0259rinin oldu\u011funu ifad\u0259 edir. Bu s\u00f6z, bir \u015feyin faydal\u0131 olmas\u0131n\u0131n yan\u0131nda, onun z\u0259r\u0259rli t\u0259r\u0259fl\u0259rinin d\u0259 ola bil\u0259c\u0259yini vur\u011fulay\u0131r. H\u0259yatda h\u0259r hans\u0131 bir se\u00e7im etdikd\u0259, onun n\u0259tic\u0259l\u0259rinin h\u0259m yax\u015f\u0131, h\u0259m d\u0259 pis ola bil\u0259c\u0259yini unutmamaq vacibdir. Bu atalar s\u00f6z\u00fc, insanlar\u0131 &#8230; <a title=\"Fayda Z\u0259r\u0259rin Qarda\u015f\u0131d\u0131r\" class=\"read-more\" href=\"https:\/\/nedir.az\/atalar-sozleri\/fayda-zererin-qardasidir-atalar-sozunun-menasi-nedir\" aria-label=\"Read more about Fayda Z\u0259r\u0259rin Qarda\u015f\u0131d\u0131r\">Read more<\/a><\/p>\n","protected":false},"author":2,"featured_media":0,"comment_status":"open","ping_status":"open","sticky":false,"template":"","format":"standard","meta":{"footnotes":""},"categories":[1],"tags":[],"class_list":["post-6584","post","type-post","status-publish","format-standard","hentry","category-atalar-sozleri-atalar-sozu"],"aioseo_notices":[],"_links":{"self":[{"href":"https:\/\/nedir.az\/atalar-sozleri\/wp-json\/wp\/v2\/posts\/6584","targetHints":{"allow":["GET"]}}],"collection":[{"href":"https:\/\/nedir.az\/atalar-sozleri\/wp-json\/wp\/v2\/posts"}],"about":[{"href":"https:\/\/nedir.az\/atalar-sozleri\/wp-json\/wp\/v2\/types\/post"}],"author":[{"embeddable":true,"href":"https:\/\/nedir.az\/atalar-sozleri\/wp-json\/wp\/v2\/users\/2"}],"replies":[{"embeddable":true,"href":"https:\/\/nedir.az\/atalar-sozleri\/wp-json\/wp\/v2\/comments?post=6584"}],"version-history":[{"count":0,"href":"https:\/\/nedir.az\/atalar-sozleri\/wp-json\/wp\/v2\/posts\/6584\/revisions"}],"wp:attachment":[{"href":"https:\/\/nedir.az\/atalar-sozleri\/wp-json\/wp\/v2\/media?parent=6584"}],"wp:term":[{"taxonomy":"category","embeddable":true,"href":"https:\/\/nedir.az\/atalar-sozleri\/wp-json\/wp\/v2\/categories?post=6584"},{"taxonomy":"post_tag","embeddable":true,"href":"https:\/\/nedir.az\/atalar-sozleri\/wp-json\/wp\/v2\/tags?post=6584"}],"curies":[{"name":"wp","href":"https:\/\/api.w.org\/{rel}","templated":true}]}}