{"id":6582,"date":"2024-09-06T21:34:20","date_gmt":"2024-09-06T21:34:20","guid":{"rendered":""},"modified":"-0001-11-30T00:00:00","modified_gmt":"-0001-11-29T21:00:00","slug":"farsin-qezeli-turkun-meseli","status":"publish","type":"post","link":"https:\/\/nedir.az\/atalar-sozleri\/farsin-qezeli-turkun-meseli-atalar-sozunun-menasi-nedir","title":{"rendered":"Fars\u0131n Q\u0259z\u0259li, T\u00fcrk\u00fcn M\u0259s\u0259li"},"content":{"rendered":"<p>&#8220;fars\u0131n q\u0259z\u0259li, t\u00fcrk\u00fcn m\u0259s\u0259li&#8221; atalar s\u00f6z\u00fc, bir \u015feyin iki f\u0259rqli m\u0259d\u0259niyy\u0259td\u0259ki \u0259h\u0259miyy\u0259tini v\u0259 ya d\u0259y\u0259rini vur\u011fulamaq \u00fc\u00e7\u00fcn istifad\u0259 olunur. Bu atalar s\u00f6z\u00fc, bir m\u0259s\u0259l\u0259nin, fikrin v\u0259 ya davran\u0131\u015f\u0131n h\u0259m fars, h\u0259m d\u0259 t\u00fcrk m\u0259d\u0259niyy\u0259tind\u0259 eyni d\u0259r\u0259c\u0259d\u0259 \u00f6n\u0259mli oldu\u011funu ifad\u0259 edir. Y\u0259ni, bir \u015feyin d\u0259y\u0259ri v\u0259 ya m\u0259nas\u0131, onun m\u0259d\u0259ni kontekstind\u0259n as\u0131l\u0131 olmayaraq, universald\u0131r. Bu s\u00f6z, m\u0259d\u0259niyy\u0259tl\u0259raras\u0131 \u0259laq\u0259l\u0259rin v\u0259 ortaq d\u0259y\u0259rl\u0259rin m\u00f6vcudlu\u011funu g\u00f6st\u0259rir.<\/p>\n<p><b>Q\u0131sa M\u0259nas\u0131<\/b><br \/> \u0130ki f\u0259rqli m\u0259d\u0259niyy\u0259td\u0259 eyni d\u0259r\u0259c\u0259d\u0259 \u00f6n\u0259mli olan bir fikri v\u0259 ya davran\u0131\u015f\u0131 ifad\u0259 edir.<\/p>\n","protected":false},"excerpt":{"rendered":"<p>&#8220;fars\u0131n q\u0259z\u0259li, t\u00fcrk\u00fcn m\u0259s\u0259li&#8221; atalar s\u00f6z\u00fc, bir \u015feyin iki f\u0259rqli m\u0259d\u0259niyy\u0259td\u0259ki \u0259h\u0259miyy\u0259tini v\u0259 ya d\u0259y\u0259rini vur\u011fulamaq \u00fc\u00e7\u00fcn istifad\u0259 olunur. Bu atalar s\u00f6z\u00fc, bir m\u0259s\u0259l\u0259nin, fikrin v\u0259 ya davran\u0131\u015f\u0131n h\u0259m fars, h\u0259m d\u0259 t\u00fcrk m\u0259d\u0259niyy\u0259tind\u0259 eyni d\u0259r\u0259c\u0259d\u0259 \u00f6n\u0259mli oldu\u011funu ifad\u0259 edir. Y\u0259ni, bir \u015feyin d\u0259y\u0259ri v\u0259 ya m\u0259nas\u0131, onun m\u0259d\u0259ni kontekstind\u0259n as\u0131l\u0131 olmayaraq, universald\u0131r. Bu s\u00f6z, &#8230; <a title=\"Fars\u0131n Q\u0259z\u0259li, T\u00fcrk\u00fcn M\u0259s\u0259li\" class=\"read-more\" href=\"https:\/\/nedir.az\/atalar-sozleri\/farsin-qezeli-turkun-meseli-atalar-sozunun-menasi-nedir\" aria-label=\"Read more about Fars\u0131n Q\u0259z\u0259li, T\u00fcrk\u00fcn M\u0259s\u0259li\">Read more<\/a><\/p>\n","protected":false},"author":2,"featured_media":0,"comment_status":"open","ping_status":"open","sticky":false,"template":"","format":"standard","meta":{"footnotes":""},"categories":[1],"tags":[],"class_list":["post-6582","post","type-post","status-publish","format-standard","hentry","category-atalar-sozleri-atalar-sozu"],"aioseo_notices":[],"_links":{"self":[{"href":"https:\/\/nedir.az\/atalar-sozleri\/wp-json\/wp\/v2\/posts\/6582","targetHints":{"allow":["GET"]}}],"collection":[{"href":"https:\/\/nedir.az\/atalar-sozleri\/wp-json\/wp\/v2\/posts"}],"about":[{"href":"https:\/\/nedir.az\/atalar-sozleri\/wp-json\/wp\/v2\/types\/post"}],"author":[{"embeddable":true,"href":"https:\/\/nedir.az\/atalar-sozleri\/wp-json\/wp\/v2\/users\/2"}],"replies":[{"embeddable":true,"href":"https:\/\/nedir.az\/atalar-sozleri\/wp-json\/wp\/v2\/comments?post=6582"}],"version-history":[{"count":0,"href":"https:\/\/nedir.az\/atalar-sozleri\/wp-json\/wp\/v2\/posts\/6582\/revisions"}],"wp:attachment":[{"href":"https:\/\/nedir.az\/atalar-sozleri\/wp-json\/wp\/v2\/media?parent=6582"}],"wp:term":[{"taxonomy":"category","embeddable":true,"href":"https:\/\/nedir.az\/atalar-sozleri\/wp-json\/wp\/v2\/categories?post=6582"},{"taxonomy":"post_tag","embeddable":true,"href":"https:\/\/nedir.az\/atalar-sozleri\/wp-json\/wp\/v2\/tags?post=6582"}],"curies":[{"name":"wp","href":"https:\/\/api.w.org\/{rel}","templated":true}]}}