{"id":6579,"date":"2024-09-06T21:34:20","date_gmt":"2024-09-06T21:34:20","guid":{"rendered":""},"modified":"-0001-11-30T00:00:00","modified_gmt":"-0001-11-29T21:00:00","slug":"falci-fala-bakhar-canini-oda-yakhar","status":"publish","type":"post","link":"https:\/\/nedir.az\/atalar-sozleri\/falci-fala-bakhar-canini-oda-yakhar-atalar-sozunun-menasi-nedir","title":{"rendered":"Fal\u00e7\u0131 Fala Ba\u0445ar, Can\u0131n\u0131 \u041eda Ya\u0445ar"},"content":{"rendered":"<p>&#8220;fal\u00e7\u0131 fala ba\u0445ar, can\u0131n\u0131 \u043eda ya\u0445ar&#8221; atalar s\u00f6z\u00fc, insan\u0131n \u00f6z taleyini, g\u0259l\u0259c\u0259yini ba\u015fqalar\u0131n\u0131n fikirl\u0259rin\u0259, proqnozlar\u0131na, y\u0259ni fal\u00e7\u0131lara etibar etm\u0259sinin riskli oldu\u011funu vur\u011fulay\u0131r. Bu s\u00f6z, b\u0259z\u0259n insanlar\u0131n \u00f6z h\u0259yatlar\u0131n\u0131 ba\u015fqalar\u0131n\u0131n m\u00fclahiz\u0259l\u0259rin\u0259 g\u00f6r\u0259 y\u00f6nl\u0259ndirdikl\u0259rini, bunun is\u0259 b\u0259z\u0259n t\u0259hl\u00fck\u0259li n\u0259tic\u0259l\u0259r\u0259 s\u0259b\u0259b ola bil\u0259c\u0259yini ifad\u0259 edir. H\u0259m\u00e7inin, bu atalar s\u00f6z\u00fc, insan\u0131n \u00f6z h\u0259yat\u0131n\u0131 idar\u0259 etm\u0259si, \u00f6z q\u0259rarlar\u0131n\u0131 verm\u0259si v\u0259 ba\u015fqalar\u0131n\u0131n t\u0259sirind\u0259n uzaq durmas\u0131 g\u0259r\u0259kdiyini xat\u0131rlad\u0131r.<\/p>\n<p><b>Q\u0131sa M\u0259nas\u0131<\/b><br \/> Bu atalar s\u00f6z\u00fc, ba\u015fqalar\u0131n\u0131n fikirl\u0259rin\u0259 etibar etm\u0259nin riskli oldu\u011funu, insan\u0131n \u00f6z taleyini \u00f6z q\u0259rarlar\u0131 il\u0259 m\u00fc\u0259yy\u0259n etm\u0259si g\u0259r\u0259kdiyini bildirir.<\/p>\n","protected":false},"excerpt":{"rendered":"<p>&#8220;fal\u00e7\u0131 fala ba\u0445ar, can\u0131n\u0131 \u043eda ya\u0445ar&#8221; atalar s\u00f6z\u00fc, insan\u0131n \u00f6z taleyini, g\u0259l\u0259c\u0259yini ba\u015fqalar\u0131n\u0131n fikirl\u0259rin\u0259, proqnozlar\u0131na, y\u0259ni fal\u00e7\u0131lara etibar etm\u0259sinin riskli oldu\u011funu vur\u011fulay\u0131r. Bu s\u00f6z, b\u0259z\u0259n insanlar\u0131n \u00f6z h\u0259yatlar\u0131n\u0131 ba\u015fqalar\u0131n\u0131n m\u00fclahiz\u0259l\u0259rin\u0259 g\u00f6r\u0259 y\u00f6nl\u0259ndirdikl\u0259rini, bunun is\u0259 b\u0259z\u0259n t\u0259hl\u00fck\u0259li n\u0259tic\u0259l\u0259r\u0259 s\u0259b\u0259b ola bil\u0259c\u0259yini ifad\u0259 edir. H\u0259m\u00e7inin, bu atalar s\u00f6z\u00fc, insan\u0131n \u00f6z h\u0259yat\u0131n\u0131 idar\u0259 etm\u0259si, \u00f6z q\u0259rarlar\u0131n\u0131 verm\u0259si v\u0259 &#8230; <a title=\"Fal\u00e7\u0131 Fala Ba\u0445ar, Can\u0131n\u0131 \u041eda Ya\u0445ar\" class=\"read-more\" href=\"https:\/\/nedir.az\/atalar-sozleri\/falci-fala-bakhar-canini-oda-yakhar-atalar-sozunun-menasi-nedir\" aria-label=\"Read more about Fal\u00e7\u0131 Fala Ba\u0445ar, Can\u0131n\u0131 \u041eda Ya\u0445ar\">Read more<\/a><\/p>\n","protected":false},"author":2,"featured_media":0,"comment_status":"open","ping_status":"open","sticky":false,"template":"","format":"standard","meta":{"footnotes":""},"categories":[1],"tags":[],"class_list":["post-6579","post","type-post","status-publish","format-standard","hentry","category-atalar-sozleri-atalar-sozu"],"aioseo_notices":[],"_links":{"self":[{"href":"https:\/\/nedir.az\/atalar-sozleri\/wp-json\/wp\/v2\/posts\/6579","targetHints":{"allow":["GET"]}}],"collection":[{"href":"https:\/\/nedir.az\/atalar-sozleri\/wp-json\/wp\/v2\/posts"}],"about":[{"href":"https:\/\/nedir.az\/atalar-sozleri\/wp-json\/wp\/v2\/types\/post"}],"author":[{"embeddable":true,"href":"https:\/\/nedir.az\/atalar-sozleri\/wp-json\/wp\/v2\/users\/2"}],"replies":[{"embeddable":true,"href":"https:\/\/nedir.az\/atalar-sozleri\/wp-json\/wp\/v2\/comments?post=6579"}],"version-history":[{"count":0,"href":"https:\/\/nedir.az\/atalar-sozleri\/wp-json\/wp\/v2\/posts\/6579\/revisions"}],"wp:attachment":[{"href":"https:\/\/nedir.az\/atalar-sozleri\/wp-json\/wp\/v2\/media?parent=6579"}],"wp:term":[{"taxonomy":"category","embeddable":true,"href":"https:\/\/nedir.az\/atalar-sozleri\/wp-json\/wp\/v2\/categories?post=6579"},{"taxonomy":"post_tag","embeddable":true,"href":"https:\/\/nedir.az\/atalar-sozleri\/wp-json\/wp\/v2\/tags?post=6579"}],"curies":[{"name":"wp","href":"https:\/\/api.w.org\/{rel}","templated":true}]}}