{"id":6576,"date":"2024-09-06T21:34:20","date_gmt":"2024-09-06T21:34:20","guid":{"rendered":""},"modified":"-0001-11-30T00:00:00","modified_gmt":"-0001-11-29T21:00:00","slug":"fagirlarin-duzgunu-bez-geyiner-qis-gunu","status":"publish","type":"post","link":"https:\/\/nedir.az\/atalar-sozleri\/fagirlarin-duzgunu-bez-geyiner-qis-gunu-atalar-sozunun-menasi-nedir","title":{"rendered":"Fa\u011f\u0131rlar\u0131n D\u00fczg\u00fcn\u00fc, Bez Geyin\u0259r Q\u0131\u015f G\u00fcn\u00fc"},"content":{"rendered":"<p>&#8220;fa\u011f\u0131rlar\u0131n d\u00fczg\u00fcn\u00fc, bez geyin\u0259r q\u0131\u015f g\u00fcn\u00fc&#8221; atalar s\u00f6z\u00fc, insanlar\u0131n maddi v\u0259ziyy\u0259tin\u0259 v\u0259 imkanlar\u0131na uy\u011fun davranmalar\u0131n\u0131 vur\u011fulay\u0131r. Bu atalar s\u00f6z\u00fc, insanlar\u0131n \u00f6z imkanlar\u0131na uy\u011fun \u015f\u0259kild\u0259 geyinm\u0259l\u0259rinin, y\u0259ni maddi durumlar\u0131na uy\u011fun se\u00e7iml\u0259r etm\u0259l\u0259rinin vacibliyini ifad\u0259 edir. H\u0259m\u00e7inin, bu s\u00f6z, insanlar\u0131n \u00f6zl\u0259rini oldu\u011fundan daha z\u0259ngin g\u00f6st\u0259rm\u0259k \u00fc\u00e7\u00fcn yersiz x\u0259rcl\u0259r etm\u0259l\u0259rinin m\u0259nas\u0131z oldu\u011funu bildirir. <\/p>\n<p>Bu atalar s\u00f6z\u00fc, c\u0259miyy\u0259tin sosial-iqtisadi v\u0259ziyy\u0259tini, insanlar\u0131n h\u0259yat t\u0259rzini v\u0259 m\u00fcvafiq olaraq geyim se\u00e7iml\u0259rini \u0259ks etdirir. \u0130nsanlar\u0131n \u00f6z imkanlar\u0131n\u0131 a\u015fan davran\u0131\u015flar s\u0259rgil\u0259m\u0259l\u0259rinin, n\u0259tic\u0259d\u0259 onlar\u0131 \u00e7\u0259tin v\u0259ziyy\u0259t\u0259 sala bil\u0259c\u0259yini g\u00f6st\u0259rir.<\/p>\n<p><b>Q\u0131sa M\u0259nas\u0131<\/b><br \/> \u0130mkanlara uy\u011fun davranma\u011f\u0131n v\u0259 geyinm\u0259nin vacibliyini vur\u011fulay\u0131r.<\/p>\n","protected":false},"excerpt":{"rendered":"<p>&#8220;fa\u011f\u0131rlar\u0131n d\u00fczg\u00fcn\u00fc, bez geyin\u0259r q\u0131\u015f g\u00fcn\u00fc&#8221; atalar s\u00f6z\u00fc, insanlar\u0131n maddi v\u0259ziyy\u0259tin\u0259 v\u0259 imkanlar\u0131na uy\u011fun davranmalar\u0131n\u0131 vur\u011fulay\u0131r. Bu atalar s\u00f6z\u00fc, insanlar\u0131n \u00f6z imkanlar\u0131na uy\u011fun \u015f\u0259kild\u0259 geyinm\u0259l\u0259rinin, y\u0259ni maddi durumlar\u0131na uy\u011fun se\u00e7iml\u0259r etm\u0259l\u0259rinin vacibliyini ifad\u0259 edir. H\u0259m\u00e7inin, bu s\u00f6z, insanlar\u0131n \u00f6zl\u0259rini oldu\u011fundan daha z\u0259ngin g\u00f6st\u0259rm\u0259k \u00fc\u00e7\u00fcn yersiz x\u0259rcl\u0259r etm\u0259l\u0259rinin m\u0259nas\u0131z oldu\u011funu bildirir. Bu atalar s\u00f6z\u00fc, c\u0259miyy\u0259tin sosial-iqtisadi &#8230; <a title=\"Fa\u011f\u0131rlar\u0131n D\u00fczg\u00fcn\u00fc, Bez Geyin\u0259r Q\u0131\u015f G\u00fcn\u00fc\" class=\"read-more\" href=\"https:\/\/nedir.az\/atalar-sozleri\/fagirlarin-duzgunu-bez-geyiner-qis-gunu-atalar-sozunun-menasi-nedir\" aria-label=\"Read more about Fa\u011f\u0131rlar\u0131n D\u00fczg\u00fcn\u00fc, Bez Geyin\u0259r Q\u0131\u015f G\u00fcn\u00fc\">Read more<\/a><\/p>\n","protected":false},"author":2,"featured_media":0,"comment_status":"open","ping_status":"open","sticky":false,"template":"","format":"standard","meta":{"footnotes":""},"categories":[1],"tags":[],"class_list":["post-6576","post","type-post","status-publish","format-standard","hentry","category-atalar-sozleri-atalar-sozu"],"aioseo_notices":[],"_links":{"self":[{"href":"https:\/\/nedir.az\/atalar-sozleri\/wp-json\/wp\/v2\/posts\/6576","targetHints":{"allow":["GET"]}}],"collection":[{"href":"https:\/\/nedir.az\/atalar-sozleri\/wp-json\/wp\/v2\/posts"}],"about":[{"href":"https:\/\/nedir.az\/atalar-sozleri\/wp-json\/wp\/v2\/types\/post"}],"author":[{"embeddable":true,"href":"https:\/\/nedir.az\/atalar-sozleri\/wp-json\/wp\/v2\/users\/2"}],"replies":[{"embeddable":true,"href":"https:\/\/nedir.az\/atalar-sozleri\/wp-json\/wp\/v2\/comments?post=6576"}],"version-history":[{"count":0,"href":"https:\/\/nedir.az\/atalar-sozleri\/wp-json\/wp\/v2\/posts\/6576\/revisions"}],"wp:attachment":[{"href":"https:\/\/nedir.az\/atalar-sozleri\/wp-json\/wp\/v2\/media?parent=6576"}],"wp:term":[{"taxonomy":"category","embeddable":true,"href":"https:\/\/nedir.az\/atalar-sozleri\/wp-json\/wp\/v2\/categories?post=6576"},{"taxonomy":"post_tag","embeddable":true,"href":"https:\/\/nedir.az\/atalar-sozleri\/wp-json\/wp\/v2\/tags?post=6576"}],"curies":[{"name":"wp","href":"https:\/\/api.w.org\/{rel}","templated":true}]}}