{"id":6575,"date":"2024-09-06T21:34:20","date_gmt":"2024-09-06T21:34:20","guid":{"rendered":""},"modified":"-0001-11-30T00:00:00","modified_gmt":"-0001-11-29T21:00:00","slug":"fagirlara-verene-allah-verer","status":"publish","type":"post","link":"https:\/\/nedir.az\/atalar-sozleri\/fagirlara-verene-allah-verer-atalar-sozunun-menasi-nedir","title":{"rendered":"Fa\u011f\u0131rlara Ver\u0259n\u0259 Allah Ver\u0259r"},"content":{"rendered":"<p>&#8220;fa\u011f\u0131rlara ver\u0259n\u0259 allah ver\u0259r&#8221; atalar s\u00f6z\u00fcn\u00fcn m\u0259nas\u0131, insanlar\u0131n ba\u015fqalar\u0131na yard\u0131m etm\u0259sinin, x\u00fcsusil\u0259 d\u0259 ehtiyac\u0131 olanlara, \u00f6zl\u0259rin\u0259 d\u0259 m\u00fcsb\u0259t t\u0259sir ed\u0259c\u0259yini vur\u011fulay\u0131r. Bu atalar s\u00f6z\u00fc, c\u00f6mertliyin v\u0259 payla\u015fman\u0131n \u0259h\u0259miyy\u0259tini \u00f6n\u0259 \u00e7\u0131xar\u0131r. \u0130nsanlar ba\u015fqalar\u0131na yard\u0131m etdikd\u0259, bu yax\u015f\u0131l\u0131q onlar\u0131n \u00f6z h\u0259yat\u0131nda da m\u00fcsb\u0259t n\u0259tic\u0259l\u0259r do\u011fura bil\u0259r. Y\u0259ni, ba\u015fqalar\u0131na etdiyimiz yax\u015f\u0131l\u0131qlar, b\u0259z\u0259n biz\u0259 geri d\u00f6n\u0259 bil\u0259r.<\/p>\n<p><b>Q\u0131sa M\u0259nas\u0131<\/b><br \/>Bu atalar s\u00f6z\u00fc, ba\u015fqalar\u0131na yard\u0131m etm\u0259nin, insan\u0131n \u00f6z\u00fcn\u0259 d\u0259 yax\u015f\u0131l\u0131q g\u0259tir\u0259c\u0259yini ifad\u0259 edir.<\/p>\n","protected":false},"excerpt":{"rendered":"<p>&#8220;fa\u011f\u0131rlara ver\u0259n\u0259 allah ver\u0259r&#8221; atalar s\u00f6z\u00fcn\u00fcn m\u0259nas\u0131, insanlar\u0131n ba\u015fqalar\u0131na yard\u0131m etm\u0259sinin, x\u00fcsusil\u0259 d\u0259 ehtiyac\u0131 olanlara, \u00f6zl\u0259rin\u0259 d\u0259 m\u00fcsb\u0259t t\u0259sir ed\u0259c\u0259yini vur\u011fulay\u0131r. Bu atalar s\u00f6z\u00fc, c\u00f6mertliyin v\u0259 payla\u015fman\u0131n \u0259h\u0259miyy\u0259tini \u00f6n\u0259 \u00e7\u0131xar\u0131r. \u0130nsanlar ba\u015fqalar\u0131na yard\u0131m etdikd\u0259, bu yax\u015f\u0131l\u0131q onlar\u0131n \u00f6z h\u0259yat\u0131nda da m\u00fcsb\u0259t n\u0259tic\u0259l\u0259r do\u011fura bil\u0259r. Y\u0259ni, ba\u015fqalar\u0131na etdiyimiz yax\u015f\u0131l\u0131qlar, b\u0259z\u0259n biz\u0259 geri d\u00f6n\u0259 bil\u0259r. Q\u0131sa M\u0259nas\u0131Bu &#8230; <a title=\"Fa\u011f\u0131rlara Ver\u0259n\u0259 Allah Ver\u0259r\" class=\"read-more\" href=\"https:\/\/nedir.az\/atalar-sozleri\/fagirlara-verene-allah-verer-atalar-sozunun-menasi-nedir\" aria-label=\"Read more about Fa\u011f\u0131rlara Ver\u0259n\u0259 Allah Ver\u0259r\">Read more<\/a><\/p>\n","protected":false},"author":2,"featured_media":0,"comment_status":"open","ping_status":"open","sticky":false,"template":"","format":"standard","meta":{"footnotes":""},"categories":[1],"tags":[],"class_list":["post-6575","post","type-post","status-publish","format-standard","hentry","category-atalar-sozleri-atalar-sozu"],"aioseo_notices":[],"_links":{"self":[{"href":"https:\/\/nedir.az\/atalar-sozleri\/wp-json\/wp\/v2\/posts\/6575","targetHints":{"allow":["GET"]}}],"collection":[{"href":"https:\/\/nedir.az\/atalar-sozleri\/wp-json\/wp\/v2\/posts"}],"about":[{"href":"https:\/\/nedir.az\/atalar-sozleri\/wp-json\/wp\/v2\/types\/post"}],"author":[{"embeddable":true,"href":"https:\/\/nedir.az\/atalar-sozleri\/wp-json\/wp\/v2\/users\/2"}],"replies":[{"embeddable":true,"href":"https:\/\/nedir.az\/atalar-sozleri\/wp-json\/wp\/v2\/comments?post=6575"}],"version-history":[{"count":0,"href":"https:\/\/nedir.az\/atalar-sozleri\/wp-json\/wp\/v2\/posts\/6575\/revisions"}],"wp:attachment":[{"href":"https:\/\/nedir.az\/atalar-sozleri\/wp-json\/wp\/v2\/media?parent=6575"}],"wp:term":[{"taxonomy":"category","embeddable":true,"href":"https:\/\/nedir.az\/atalar-sozleri\/wp-json\/wp\/v2\/categories?post=6575"},{"taxonomy":"post_tag","embeddable":true,"href":"https:\/\/nedir.az\/atalar-sozleri\/wp-json\/wp\/v2\/tags?post=6575"}],"curies":[{"name":"wp","href":"https:\/\/api.w.org\/{rel}","templated":true}]}}