{"id":6574,"date":"2024-09-06T21:34:20","date_gmt":"2024-09-06T21:34:20","guid":{"rendered":""},"modified":"-0001-11-30T00:00:00","modified_gmt":"-0001-11-29T21:00:00","slug":"fagirin-duskunu-al-geyiner-qis-gunu","status":"publish","type":"post","link":"https:\/\/nedir.az\/atalar-sozleri\/fagirin-duskunu-al-geyiner-qis-gunu-atalar-sozunun-menasi-nedir","title":{"rendered":"Fa\u011f\u0131r\u0131n D\u00fc\u015fk\u00fcn\u00fc, Al Geyin\u0259r Q\u0131\u015f G\u00fcn\u00fc"},"content":{"rendered":"<p>&#8220;fa\u011f\u0131r\u0131n d\u00fc\u015fk\u00fcn\u00fc, al geyin\u0259r q\u0131\u015f g\u00fcn\u00fc&#8221; atalar s\u00f6z\u00fcn\u00fcn m\u0259nas\u0131, maddi imkan\u0131 olmayan insanlar\u0131n, \u00e7\u0259tin v\u0259ziyy\u0259tl\u0259rd\u0259 ba\u015fqalar\u0131n\u0131n k\u00f6m\u0259yin\u0259 ehtiyac duyduqlar\u0131n\u0131 v\u0259 bu k\u00f6m\u0259yi q\u0259bul etm\u0259l\u0259rinin vacibliyini vur\u011fulay\u0131r. Bu s\u00f6z, eyni zamanda, insanlar\u0131n \u00e7\u0259tinlikl\u0259r qar\u015f\u0131s\u0131nda bir-birin\u0259 d\u0259st\u0259k olmas\u0131n\u0131n \u0259h\u0259miyy\u0259tini g\u00f6st\u0259rir. Fa\u011f\u0131r olanlar, y\u0259ni maddi c\u0259h\u0259td\u0259n z\u0259if olanlar, b\u0259z\u0259n ba\u015fqalar\u0131n\u0131n yard\u0131m\u0131n\u0131 q\u0259bul etm\u0259li v\u0259 bu yard\u0131m\u0131 d\u0259y\u0259rl\u0259ndirm\u0259lidirl\u0259r. <\/p>\n<p><b>Q\u0131sa M\u0259nas\u0131<\/b><br \/> Maddi imkan\u0131 olmayanlar\u0131n ba\u015fqalar\u0131n\u0131n k\u00f6m\u0259yin\u0259 ehtiyac\u0131 oldu\u011funu vur\u011fulayan bir atalar s\u00f6z\u00fc.<\/p>\n","protected":false},"excerpt":{"rendered":"<p>&#8220;fa\u011f\u0131r\u0131n d\u00fc\u015fk\u00fcn\u00fc, al geyin\u0259r q\u0131\u015f g\u00fcn\u00fc&#8221; atalar s\u00f6z\u00fcn\u00fcn m\u0259nas\u0131, maddi imkan\u0131 olmayan insanlar\u0131n, \u00e7\u0259tin v\u0259ziyy\u0259tl\u0259rd\u0259 ba\u015fqalar\u0131n\u0131n k\u00f6m\u0259yin\u0259 ehtiyac duyduqlar\u0131n\u0131 v\u0259 bu k\u00f6m\u0259yi q\u0259bul etm\u0259l\u0259rinin vacibliyini vur\u011fulay\u0131r. Bu s\u00f6z, eyni zamanda, insanlar\u0131n \u00e7\u0259tinlikl\u0259r qar\u015f\u0131s\u0131nda bir-birin\u0259 d\u0259st\u0259k olmas\u0131n\u0131n \u0259h\u0259miyy\u0259tini g\u00f6st\u0259rir. Fa\u011f\u0131r olanlar, y\u0259ni maddi c\u0259h\u0259td\u0259n z\u0259if olanlar, b\u0259z\u0259n ba\u015fqalar\u0131n\u0131n yard\u0131m\u0131n\u0131 q\u0259bul etm\u0259li v\u0259 bu yard\u0131m\u0131 d\u0259y\u0259rl\u0259ndirm\u0259lidirl\u0259r. Q\u0131sa &#8230; <a title=\"Fa\u011f\u0131r\u0131n D\u00fc\u015fk\u00fcn\u00fc, Al Geyin\u0259r Q\u0131\u015f G\u00fcn\u00fc\" class=\"read-more\" href=\"https:\/\/nedir.az\/atalar-sozleri\/fagirin-duskunu-al-geyiner-qis-gunu-atalar-sozunun-menasi-nedir\" aria-label=\"Read more about Fa\u011f\u0131r\u0131n D\u00fc\u015fk\u00fcn\u00fc, Al Geyin\u0259r Q\u0131\u015f G\u00fcn\u00fc\">Read more<\/a><\/p>\n","protected":false},"author":2,"featured_media":0,"comment_status":"open","ping_status":"open","sticky":false,"template":"","format":"standard","meta":{"footnotes":""},"categories":[1],"tags":[],"class_list":["post-6574","post","type-post","status-publish","format-standard","hentry","category-atalar-sozleri-atalar-sozu"],"aioseo_notices":[],"_links":{"self":[{"href":"https:\/\/nedir.az\/atalar-sozleri\/wp-json\/wp\/v2\/posts\/6574","targetHints":{"allow":["GET"]}}],"collection":[{"href":"https:\/\/nedir.az\/atalar-sozleri\/wp-json\/wp\/v2\/posts"}],"about":[{"href":"https:\/\/nedir.az\/atalar-sozleri\/wp-json\/wp\/v2\/types\/post"}],"author":[{"embeddable":true,"href":"https:\/\/nedir.az\/atalar-sozleri\/wp-json\/wp\/v2\/users\/2"}],"replies":[{"embeddable":true,"href":"https:\/\/nedir.az\/atalar-sozleri\/wp-json\/wp\/v2\/comments?post=6574"}],"version-history":[{"count":0,"href":"https:\/\/nedir.az\/atalar-sozleri\/wp-json\/wp\/v2\/posts\/6574\/revisions"}],"wp:attachment":[{"href":"https:\/\/nedir.az\/atalar-sozleri\/wp-json\/wp\/v2\/media?parent=6574"}],"wp:term":[{"taxonomy":"category","embeddable":true,"href":"https:\/\/nedir.az\/atalar-sozleri\/wp-json\/wp\/v2\/categories?post=6574"},{"taxonomy":"post_tag","embeddable":true,"href":"https:\/\/nedir.az\/atalar-sozleri\/wp-json\/wp\/v2\/tags?post=6574"}],"curies":[{"name":"wp","href":"https:\/\/api.w.org\/{rel}","templated":true}]}}