{"id":6573,"date":"2024-09-06T21:34:20","date_gmt":"2024-09-06T21:34:20","guid":{"rendered":""},"modified":"-0001-11-30T00:00:00","modified_gmt":"-0001-11-29T21:00:00","slug":"fagiri-kim-olsa-doyer","status":"publish","type":"post","link":"https:\/\/nedir.az\/atalar-sozleri\/fagiri-kim-olsa-doyer-atalar-sozunun-menasi-nedir","title":{"rendered":"Fa\u011f\u0131r\u0131 Kim \u041elsa, D\u00f6y\u0259r"},"content":{"rendered":"<p>&#8220;fa\u011f\u0131r\u0131 kim \u043elsa, d\u00f6y\u0259r&#8221; atalar s\u00f6z\u00fc, insanlar\u0131n bir-birin\u0259 qar\u015f\u0131 davran\u0131\u015flar\u0131n\u0131, x\u00fcsusil\u0259 d\u0259 z\u0259if olanlara qar\u015f\u0131 m\u00fcnasib\u0259tini ifad\u0259 edir. Bu atalar s\u00f6z\u00fc, z\u0259if v\u0259 ya \u00e7\u0259tin durumda olan insanlar\u0131n daha g\u00fccl\u00fc v\u0259 ya \u00fcst\u00fcn olanlar t\u0259r\u0259find\u0259n istismar edildiyini vur\u011fulay\u0131r. Buradan bel\u0259 bir n\u0259tic\u0259y\u0259 g\u0259lm\u0259k olar ki, c\u0259miyy\u0259tin z\u0259if \u00fczvl\u0259rin\u0259 qar\u015f\u0131 daha diqq\u0259tli v\u0259 m\u0259rh\u0259m\u0259tli olmaq laz\u0131md\u0131r. Bu, h\u0259m d\u0259 insan\u0131n \u00f6z g\u00fcc\u00fcn\u00fc ba\u015fqalar\u0131na qar\u015f\u0131 istifad\u0259 etm\u0259m\u0259si g\u0259r\u0259kdiyini bildirir.<\/p>\n<p><b>Q\u0131sa M\u0259nas\u0131<\/b><br \/> Z\u0259if insanlara qar\u015f\u0131 m\u0259rh\u0259m\u0259t g\u00f6st\u0259rilm\u0259li, g\u00fcc\u00fcn\u00fc istismar etm\u0259m\u0259lidir.<\/p>\n","protected":false},"excerpt":{"rendered":"<p>&#8220;fa\u011f\u0131r\u0131 kim \u043elsa, d\u00f6y\u0259r&#8221; atalar s\u00f6z\u00fc, insanlar\u0131n bir-birin\u0259 qar\u015f\u0131 davran\u0131\u015flar\u0131n\u0131, x\u00fcsusil\u0259 d\u0259 z\u0259if olanlara qar\u015f\u0131 m\u00fcnasib\u0259tini ifad\u0259 edir. Bu atalar s\u00f6z\u00fc, z\u0259if v\u0259 ya \u00e7\u0259tin durumda olan insanlar\u0131n daha g\u00fccl\u00fc v\u0259 ya \u00fcst\u00fcn olanlar t\u0259r\u0259find\u0259n istismar edildiyini vur\u011fulay\u0131r. Buradan bel\u0259 bir n\u0259tic\u0259y\u0259 g\u0259lm\u0259k olar ki, c\u0259miyy\u0259tin z\u0259if \u00fczvl\u0259rin\u0259 qar\u015f\u0131 daha diqq\u0259tli v\u0259 m\u0259rh\u0259m\u0259tli olmaq laz\u0131md\u0131r. &#8230; <a title=\"Fa\u011f\u0131r\u0131 Kim \u041elsa, D\u00f6y\u0259r\" class=\"read-more\" href=\"https:\/\/nedir.az\/atalar-sozleri\/fagiri-kim-olsa-doyer-atalar-sozunun-menasi-nedir\" aria-label=\"Read more about Fa\u011f\u0131r\u0131 Kim \u041elsa, D\u00f6y\u0259r\">Read more<\/a><\/p>\n","protected":false},"author":2,"featured_media":0,"comment_status":"open","ping_status":"open","sticky":false,"template":"","format":"standard","meta":{"footnotes":""},"categories":[1],"tags":[],"class_list":["post-6573","post","type-post","status-publish","format-standard","hentry","category-atalar-sozleri-atalar-sozu"],"aioseo_notices":[],"_links":{"self":[{"href":"https:\/\/nedir.az\/atalar-sozleri\/wp-json\/wp\/v2\/posts\/6573","targetHints":{"allow":["GET"]}}],"collection":[{"href":"https:\/\/nedir.az\/atalar-sozleri\/wp-json\/wp\/v2\/posts"}],"about":[{"href":"https:\/\/nedir.az\/atalar-sozleri\/wp-json\/wp\/v2\/types\/post"}],"author":[{"embeddable":true,"href":"https:\/\/nedir.az\/atalar-sozleri\/wp-json\/wp\/v2\/users\/2"}],"replies":[{"embeddable":true,"href":"https:\/\/nedir.az\/atalar-sozleri\/wp-json\/wp\/v2\/comments?post=6573"}],"version-history":[{"count":0,"href":"https:\/\/nedir.az\/atalar-sozleri\/wp-json\/wp\/v2\/posts\/6573\/revisions"}],"wp:attachment":[{"href":"https:\/\/nedir.az\/atalar-sozleri\/wp-json\/wp\/v2\/media?parent=6573"}],"wp:term":[{"taxonomy":"category","embeddable":true,"href":"https:\/\/nedir.az\/atalar-sozleri\/wp-json\/wp\/v2\/categories?post=6573"},{"taxonomy":"post_tag","embeddable":true,"href":"https:\/\/nedir.az\/atalar-sozleri\/wp-json\/wp\/v2\/tags?post=6573"}],"curies":[{"name":"wp","href":"https:\/\/api.w.org\/{rel}","templated":true}]}}