{"id":6571,"date":"2024-09-06T21:34:20","date_gmt":"2024-09-06T21:34:20","guid":{"rendered":""},"modified":"-0001-11-30T00:00:00","modified_gmt":"-0001-11-29T21:00:00","slug":"ezizim-eziz-terbiyesi-ondan-eziz","status":"publish","type":"post","link":"https:\/\/nedir.az\/atalar-sozleri\/ezizim-eziz-terbiyesi-ondan-eziz-atalar-sozunun-menasi-nedir","title":{"rendered":"\u018fzizim \u018fziz, T\u0259rbiy\u0259si Ondan \u018fziz"},"content":{"rendered":"<p>\u201c\u0259zizim \u0259ziz, t\u0259rbiy\u0259si ondan \u0259ziz\u201d atalar s\u00f6z\u00fc, insan\u0131n t\u0259rbiy\u0259sinin, davran\u0131\u015flar\u0131n\u0131n v\u0259 \u0259xlaq\u0131n\u0131n onun d\u0259y\u0259rini m\u00fc\u0259yy\u0259n ed\u0259n \u0259n \u00f6n\u0259mli amil oldu\u011funu vur\u011fulay\u0131r. Bu s\u00f6z, insan\u0131n xarici g\u00f6r\u00fcn\u00fc\u015f\u00fc v\u0259 ya maddi imkanlar\u0131 il\u0259 deyil, onun t\u0259rbiy\u0259si, m\u0259d\u0259niyy\u0259ti v\u0259 insanl\u0131\u011f\u0131 il\u0259 qiym\u0259tl\u0259ndirilm\u0259sinin vacibliyini ifad\u0259 edir. Y\u0259ni, bir insan\u0131n \u0259sl d\u0259y\u0259ri onun i\u00e7 d\u00fcnyas\u0131, t\u0259rbiy\u0259si v\u0259 ba\u015fqalar\u0131na m\u00fcnasib\u0259ti il\u0259 \u00f6l\u00e7\u00fcl\u00fcr.<\/p>\n<p><b>Q\u0131sa M\u0259nas\u0131<\/b><br \/> \u0130nsanlar\u0131n d\u0259y\u0259ri t\u0259rbiy\u0259l\u0259ri il\u0259 \u00f6l\u00e7\u00fcl\u00fcr.<\/p>\n","protected":false},"excerpt":{"rendered":"<p>\u201c\u0259zizim \u0259ziz, t\u0259rbiy\u0259si ondan \u0259ziz\u201d atalar s\u00f6z\u00fc, insan\u0131n t\u0259rbiy\u0259sinin, davran\u0131\u015flar\u0131n\u0131n v\u0259 \u0259xlaq\u0131n\u0131n onun d\u0259y\u0259rini m\u00fc\u0259yy\u0259n ed\u0259n \u0259n \u00f6n\u0259mli amil oldu\u011funu vur\u011fulay\u0131r. Bu s\u00f6z, insan\u0131n xarici g\u00f6r\u00fcn\u00fc\u015f\u00fc v\u0259 ya maddi imkanlar\u0131 il\u0259 deyil, onun t\u0259rbiy\u0259si, m\u0259d\u0259niyy\u0259ti v\u0259 insanl\u0131\u011f\u0131 il\u0259 qiym\u0259tl\u0259ndirilm\u0259sinin vacibliyini ifad\u0259 edir. Y\u0259ni, bir insan\u0131n \u0259sl d\u0259y\u0259ri onun i\u00e7 d\u00fcnyas\u0131, t\u0259rbiy\u0259si v\u0259 ba\u015fqalar\u0131na m\u00fcnasib\u0259ti il\u0259 &#8230; <a title=\"\u018fzizim \u018fziz, T\u0259rbiy\u0259si Ondan \u018fziz\" class=\"read-more\" href=\"https:\/\/nedir.az\/atalar-sozleri\/ezizim-eziz-terbiyesi-ondan-eziz-atalar-sozunun-menasi-nedir\" aria-label=\"Read more about \u018fzizim \u018fziz, T\u0259rbiy\u0259si Ondan \u018fziz\">Read more<\/a><\/p>\n","protected":false},"author":2,"featured_media":0,"comment_status":"open","ping_status":"open","sticky":false,"template":"","format":"standard","meta":{"footnotes":""},"categories":[1],"tags":[],"class_list":["post-6571","post","type-post","status-publish","format-standard","hentry","category-atalar-sozleri-atalar-sozu"],"aioseo_notices":[],"_links":{"self":[{"href":"https:\/\/nedir.az\/atalar-sozleri\/wp-json\/wp\/v2\/posts\/6571","targetHints":{"allow":["GET"]}}],"collection":[{"href":"https:\/\/nedir.az\/atalar-sozleri\/wp-json\/wp\/v2\/posts"}],"about":[{"href":"https:\/\/nedir.az\/atalar-sozleri\/wp-json\/wp\/v2\/types\/post"}],"author":[{"embeddable":true,"href":"https:\/\/nedir.az\/atalar-sozleri\/wp-json\/wp\/v2\/users\/2"}],"replies":[{"embeddable":true,"href":"https:\/\/nedir.az\/atalar-sozleri\/wp-json\/wp\/v2\/comments?post=6571"}],"version-history":[{"count":0,"href":"https:\/\/nedir.az\/atalar-sozleri\/wp-json\/wp\/v2\/posts\/6571\/revisions"}],"wp:attachment":[{"href":"https:\/\/nedir.az\/atalar-sozleri\/wp-json\/wp\/v2\/media?parent=6571"}],"wp:term":[{"taxonomy":"category","embeddable":true,"href":"https:\/\/nedir.az\/atalar-sozleri\/wp-json\/wp\/v2\/categories?post=6571"},{"taxonomy":"post_tag","embeddable":true,"href":"https:\/\/nedir.az\/atalar-sozleri\/wp-json\/wp\/v2\/tags?post=6571"}],"curies":[{"name":"wp","href":"https:\/\/api.w.org\/{rel}","templated":true}]}}