{"id":6563,"date":"2024-09-06T21:34:20","date_gmt":"2024-09-06T21:34:20","guid":{"rendered":""},"modified":"-0001-11-30T00:00:00","modified_gmt":"-0001-11-29T21:00:00","slug":"en-yaxsisini-dusun-en-pisine-hazir-ol","status":"publish","type":"post","link":"https:\/\/nedir.az\/atalar-sozleri\/en-yaxsisini-dusun-en-pisine-hazir-ol-atalar-sozunun-menasi-nedir","title":{"rendered":"\u018fn Yax\u015f\u0131s\u0131n\u0131 D\u00fc\u015f\u00fcn, \u018fn Pisin\u0259 Haz\u0131r Ol"},"content":{"rendered":"<p>\u201c\u0259n yax\u015f\u0131s\u0131n\u0131 d\u00fc\u015f\u00fcn, \u0259n pisin\u0259 haz\u0131r ol\u201d atalar s\u00f6z\u00fcn\u00fcn m\u0259nas\u0131, insan\u0131n h\u0259yat\u0131nda m\u00fcsb\u0259t n\u0259tic\u0259l\u0259r \u0259ld\u0259 etm\u0259y\u0259 \u00e7al\u0131\u015fark\u0259n, eyni zamanda m\u00fcmk\u00fcn olan pis v\u0259ziyy\u0259tl\u0259r\u0259 d\u0259 haz\u0131rl\u0131ql\u0131 olmas\u0131n\u0131n vacibliyini vur\u011fulay\u0131r. Bu, insan\u0131n optimist yana\u015fmas\u0131n\u0131 qoruyub saxlayark\u0259n, reall\u0131\u011f\u0131 da unutmamas\u0131 g\u0259r\u0259kdiyini ifad\u0259 edir. H\u0259yat\u0131n qeyri-m\u00fc\u0259yy\u0259nlikl\u0259ri il\u0259 \u00fczl\u0259\u015f\u0259rk\u0259n, m\u00fcsb\u0259t d\u00fc\u015f\u00fcnm\u0259k, lakin pis ehtimallara da haz\u0131r olmaq, insan\u0131 daha g\u00fccl\u00fc v\u0259 dayan\u0131ql\u0131 edir.<\/p>\n<p><b>Q\u0131sa M\u0259nas\u0131<\/b><br \/> \u0130nsan m\u00fcsb\u0259t d\u00fc\u015f\u00fcnm\u0259li, amma pis v\u0259ziyy\u0259tl\u0259r\u0259 d\u0259 haz\u0131rl\u0131ql\u0131 olmal\u0131d\u0131r.<\/p>\n","protected":false},"excerpt":{"rendered":"<p>\u201c\u0259n yax\u015f\u0131s\u0131n\u0131 d\u00fc\u015f\u00fcn, \u0259n pisin\u0259 haz\u0131r ol\u201d atalar s\u00f6z\u00fcn\u00fcn m\u0259nas\u0131, insan\u0131n h\u0259yat\u0131nda m\u00fcsb\u0259t n\u0259tic\u0259l\u0259r \u0259ld\u0259 etm\u0259y\u0259 \u00e7al\u0131\u015fark\u0259n, eyni zamanda m\u00fcmk\u00fcn olan pis v\u0259ziyy\u0259tl\u0259r\u0259 d\u0259 haz\u0131rl\u0131ql\u0131 olmas\u0131n\u0131n vacibliyini vur\u011fulay\u0131r. Bu, insan\u0131n optimist yana\u015fmas\u0131n\u0131 qoruyub saxlayark\u0259n, reall\u0131\u011f\u0131 da unutmamas\u0131 g\u0259r\u0259kdiyini ifad\u0259 edir. H\u0259yat\u0131n qeyri-m\u00fc\u0259yy\u0259nlikl\u0259ri il\u0259 \u00fczl\u0259\u015f\u0259rk\u0259n, m\u00fcsb\u0259t d\u00fc\u015f\u00fcnm\u0259k, lakin pis ehtimallara da haz\u0131r olmaq, insan\u0131 daha g\u00fccl\u00fc &#8230; <a title=\"\u018fn Yax\u015f\u0131s\u0131n\u0131 D\u00fc\u015f\u00fcn, \u018fn Pisin\u0259 Haz\u0131r Ol\" class=\"read-more\" href=\"https:\/\/nedir.az\/atalar-sozleri\/en-yaxsisini-dusun-en-pisine-hazir-ol-atalar-sozunun-menasi-nedir\" aria-label=\"Read more about \u018fn Yax\u015f\u0131s\u0131n\u0131 D\u00fc\u015f\u00fcn, \u018fn Pisin\u0259 Haz\u0131r Ol\">Read more<\/a><\/p>\n","protected":false},"author":2,"featured_media":0,"comment_status":"open","ping_status":"open","sticky":false,"template":"","format":"standard","meta":{"footnotes":""},"categories":[1],"tags":[],"class_list":["post-6563","post","type-post","status-publish","format-standard","hentry","category-atalar-sozleri-atalar-sozu"],"aioseo_notices":[],"_links":{"self":[{"href":"https:\/\/nedir.az\/atalar-sozleri\/wp-json\/wp\/v2\/posts\/6563","targetHints":{"allow":["GET"]}}],"collection":[{"href":"https:\/\/nedir.az\/atalar-sozleri\/wp-json\/wp\/v2\/posts"}],"about":[{"href":"https:\/\/nedir.az\/atalar-sozleri\/wp-json\/wp\/v2\/types\/post"}],"author":[{"embeddable":true,"href":"https:\/\/nedir.az\/atalar-sozleri\/wp-json\/wp\/v2\/users\/2"}],"replies":[{"embeddable":true,"href":"https:\/\/nedir.az\/atalar-sozleri\/wp-json\/wp\/v2\/comments?post=6563"}],"version-history":[{"count":0,"href":"https:\/\/nedir.az\/atalar-sozleri\/wp-json\/wp\/v2\/posts\/6563\/revisions"}],"wp:attachment":[{"href":"https:\/\/nedir.az\/atalar-sozleri\/wp-json\/wp\/v2\/media?parent=6563"}],"wp:term":[{"taxonomy":"category","embeddable":true,"href":"https:\/\/nedir.az\/atalar-sozleri\/wp-json\/wp\/v2\/categories?post=6563"},{"taxonomy":"post_tag","embeddable":true,"href":"https:\/\/nedir.az\/atalar-sozleri\/wp-json\/wp\/v2\/tags?post=6563"}],"curies":[{"name":"wp","href":"https:\/\/api.w.org\/{rel}","templated":true}]}}