{"id":6562,"date":"2024-09-06T21:34:20","date_gmt":"2024-09-06T21:34:20","guid":{"rendered":""},"modified":"-0001-11-30T00:00:00","modified_gmt":"-0001-11-29T21:00:00","slug":"en-boyuk-zalim-mezlumun-ozudur","status":"publish","type":"post","link":"https:\/\/nedir.az\/atalar-sozleri\/en-boyuk-zalim-mezlumun-ozudur-atalar-sozunun-menasi-nedir","title":{"rendered":"\u018fn B\u00f6y\u00fck Zal\u0131m M\u0259zlumun \u00d6z\u00fcd\u00fcr"},"content":{"rendered":"<p>\u201c\u0259n b\u00f6y\u00fck zal\u0131m m\u0259zlumun \u00f6z\u00fcd\u00fcr\u201d atalar s\u00f6z\u00fcn\u00fcn m\u0259nas\u0131, b\u0259z\u0259n z\u00fclm\u0259 u\u011frayan insanlar\u0131n \u00f6z davran\u0131\u015flar\u0131 il\u0259 ba\u015fqalar\u0131na z\u00fclm ed\u0259 bil\u0259c\u0259yini ifad\u0259 edir. Bu s\u00f6z, z\u00fclm alt\u0131nda qalan insanlar\u0131n, \u00f6z ac\u0131lar\u0131n\u0131 ba\u015fqalar\u0131na da ya\u015fada bil\u0259c\u0259yini, y\u0259ni z\u00fclm\u00fcn bir z\u0259ncir kimi davam ed\u0259 bil\u0259c\u0259yini vur\u011fulay\u0131r. M\u0259zlum, b\u0259z\u0259n \u00f6z z\u00fclm\u00fcn\u00fc ba\u015fqalar\u0131na y\u00f6n\u0259ld\u0259r\u0259k, \u0259dal\u0259tsiz davran\u0131\u015flar s\u0259rgil\u0259y\u0259 bil\u0259r. Bu atalar s\u00f6z\u00fc, insan\u0131n i\u00e7ind\u0259ki z\u00fclm\u00fc, \u0259dal\u0259tsizliyi v\u0259 qisas hissini ortaya qoyur.<\/p>\n<p><b>Q\u0131sa M\u0259nas\u0131<\/b><br \/> Z\u00fclm\u0259 u\u011frayan insanlar\u0131n, \u00f6z ac\u0131lar\u0131n\u0131 ba\u015fqalar\u0131na y\u00f6n\u0259ld\u0259 bil\u0259c\u0259yi, z\u00fclm\u00fcn davaml\u0131l\u0131\u011f\u0131na i\u015far\u0259 edir.<\/p>\n","protected":false},"excerpt":{"rendered":"<p>\u201c\u0259n b\u00f6y\u00fck zal\u0131m m\u0259zlumun \u00f6z\u00fcd\u00fcr\u201d atalar s\u00f6z\u00fcn\u00fcn m\u0259nas\u0131, b\u0259z\u0259n z\u00fclm\u0259 u\u011frayan insanlar\u0131n \u00f6z davran\u0131\u015flar\u0131 il\u0259 ba\u015fqalar\u0131na z\u00fclm ed\u0259 bil\u0259c\u0259yini ifad\u0259 edir. Bu s\u00f6z, z\u00fclm alt\u0131nda qalan insanlar\u0131n, \u00f6z ac\u0131lar\u0131n\u0131 ba\u015fqalar\u0131na da ya\u015fada bil\u0259c\u0259yini, y\u0259ni z\u00fclm\u00fcn bir z\u0259ncir kimi davam ed\u0259 bil\u0259c\u0259yini vur\u011fulay\u0131r. M\u0259zlum, b\u0259z\u0259n \u00f6z z\u00fclm\u00fcn\u00fc ba\u015fqalar\u0131na y\u00f6n\u0259ld\u0259r\u0259k, \u0259dal\u0259tsiz davran\u0131\u015flar s\u0259rgil\u0259y\u0259 bil\u0259r. Bu atalar s\u00f6z\u00fc, &#8230; <a title=\"\u018fn B\u00f6y\u00fck Zal\u0131m M\u0259zlumun \u00d6z\u00fcd\u00fcr\" class=\"read-more\" href=\"https:\/\/nedir.az\/atalar-sozleri\/en-boyuk-zalim-mezlumun-ozudur-atalar-sozunun-menasi-nedir\" aria-label=\"Read more about \u018fn B\u00f6y\u00fck Zal\u0131m M\u0259zlumun \u00d6z\u00fcd\u00fcr\">Read more<\/a><\/p>\n","protected":false},"author":2,"featured_media":0,"comment_status":"open","ping_status":"open","sticky":false,"template":"","format":"standard","meta":{"footnotes":""},"categories":[1],"tags":[],"class_list":["post-6562","post","type-post","status-publish","format-standard","hentry","category-atalar-sozleri-atalar-sozu"],"aioseo_notices":[],"_links":{"self":[{"href":"https:\/\/nedir.az\/atalar-sozleri\/wp-json\/wp\/v2\/posts\/6562","targetHints":{"allow":["GET"]}}],"collection":[{"href":"https:\/\/nedir.az\/atalar-sozleri\/wp-json\/wp\/v2\/posts"}],"about":[{"href":"https:\/\/nedir.az\/atalar-sozleri\/wp-json\/wp\/v2\/types\/post"}],"author":[{"embeddable":true,"href":"https:\/\/nedir.az\/atalar-sozleri\/wp-json\/wp\/v2\/users\/2"}],"replies":[{"embeddable":true,"href":"https:\/\/nedir.az\/atalar-sozleri\/wp-json\/wp\/v2\/comments?post=6562"}],"version-history":[{"count":0,"href":"https:\/\/nedir.az\/atalar-sozleri\/wp-json\/wp\/v2\/posts\/6562\/revisions"}],"wp:attachment":[{"href":"https:\/\/nedir.az\/atalar-sozleri\/wp-json\/wp\/v2\/media?parent=6562"}],"wp:term":[{"taxonomy":"category","embeddable":true,"href":"https:\/\/nedir.az\/atalar-sozleri\/wp-json\/wp\/v2\/categories?post=6562"},{"taxonomy":"post_tag","embeddable":true,"href":"https:\/\/nedir.az\/atalar-sozleri\/wp-json\/wp\/v2\/tags?post=6562"}],"curies":[{"name":"wp","href":"https:\/\/api.w.org\/{rel}","templated":true}]}}