{"id":6560,"date":"2024-09-06T21:34:20","date_gmt":"2024-09-06T21:34:20","guid":{"rendered":""},"modified":"-0001-11-30T00:00:00","modified_gmt":"-0001-11-29T21:00:00","slug":"emek-qizil-bilerzikdir","status":"publish","type":"post","link":"https:\/\/nedir.az\/atalar-sozleri\/emek-qizil-bilerzikdir-atalar-sozunun-menasi-nedir","title":{"rendered":"\u018fm\u0259k Q\u0131z\u0131l Bil\u0259rzikdir"},"content":{"rendered":"<p>\u201c\u0259m\u0259k q\u0131z\u0131l bil\u0259rzikdir\u201d atalar s\u00f6z\u00fcn\u00fcn m\u0259nas\u0131, insan\u0131n \u00e7al\u0131\u015fqanl\u0131\u011f\u0131n\u0131n, z\u0259hm\u0259tinin v\u0259 \u0259m\u0259yi il\u0259 \u0259ld\u0259 etdiyi u\u011furlar\u0131n d\u0259y\u0259rini vur\u011fulamaqd\u0131r. Bu atalar s\u00f6z\u00fc, insan\u0131n \u00f6z z\u0259hm\u0259ti il\u0259 qazand\u0131\u011f\u0131 \u015feyl\u0259rin daha qiym\u0259tli oldu\u011funu, asan yolla \u0259ld\u0259 edil\u0259n \u015feyl\u0259rin is\u0259 d\u0259y\u0259rsiz oldu\u011funu ifad\u0259 edir. Eyni zamanda, \u0259m\u0259k v\u0259 z\u0259hm\u0259t olmadan he\u00e7 bir \u015feyin \u0259ld\u0259 edilm\u0259y\u0259c\u0259yini, \u00e7al\u0131\u015fman\u0131n insan\u0131 ir\u0259lil\u0259tm\u0259kd\u0259ki \u0259h\u0259miyy\u0259tini g\u00f6st\u0259rir.<\/p>\n<p><b>Q\u0131sa M\u0259nas\u0131<\/b><br \/> <br \/>\n\u0130nsan\u0131n z\u0259hm\u0259tinin d\u0259y\u0259rini vur\u011fulayan, \u00e7al\u0131\u015fmadan he\u00e7 n\u0259 \u0259ld\u0259 edilm\u0259y\u0259c\u0259yini ifad\u0259 ed\u0259n bir atalar s\u00f6z\u00fc.<\/p>\n","protected":false},"excerpt":{"rendered":"<p>\u201c\u0259m\u0259k q\u0131z\u0131l bil\u0259rzikdir\u201d atalar s\u00f6z\u00fcn\u00fcn m\u0259nas\u0131, insan\u0131n \u00e7al\u0131\u015fqanl\u0131\u011f\u0131n\u0131n, z\u0259hm\u0259tinin v\u0259 \u0259m\u0259yi il\u0259 \u0259ld\u0259 etdiyi u\u011furlar\u0131n d\u0259y\u0259rini vur\u011fulamaqd\u0131r. Bu atalar s\u00f6z\u00fc, insan\u0131n \u00f6z z\u0259hm\u0259ti il\u0259 qazand\u0131\u011f\u0131 \u015feyl\u0259rin daha qiym\u0259tli oldu\u011funu, asan yolla \u0259ld\u0259 edil\u0259n \u015feyl\u0259rin is\u0259 d\u0259y\u0259rsiz oldu\u011funu ifad\u0259 edir. Eyni zamanda, \u0259m\u0259k v\u0259 z\u0259hm\u0259t olmadan he\u00e7 bir \u015feyin \u0259ld\u0259 edilm\u0259y\u0259c\u0259yini, \u00e7al\u0131\u015fman\u0131n insan\u0131 ir\u0259lil\u0259tm\u0259kd\u0259ki \u0259h\u0259miyy\u0259tini g\u00f6st\u0259rir. &#8230; <a title=\"\u018fm\u0259k Q\u0131z\u0131l Bil\u0259rzikdir\" class=\"read-more\" href=\"https:\/\/nedir.az\/atalar-sozleri\/emek-qizil-bilerzikdir-atalar-sozunun-menasi-nedir\" aria-label=\"Read more about \u018fm\u0259k Q\u0131z\u0131l Bil\u0259rzikdir\">Read more<\/a><\/p>\n","protected":false},"author":2,"featured_media":0,"comment_status":"open","ping_status":"open","sticky":false,"template":"","format":"standard","meta":{"footnotes":""},"categories":[1],"tags":[],"class_list":["post-6560","post","type-post","status-publish","format-standard","hentry","category-atalar-sozleri-atalar-sozu"],"aioseo_notices":[],"_links":{"self":[{"href":"https:\/\/nedir.az\/atalar-sozleri\/wp-json\/wp\/v2\/posts\/6560","targetHints":{"allow":["GET"]}}],"collection":[{"href":"https:\/\/nedir.az\/atalar-sozleri\/wp-json\/wp\/v2\/posts"}],"about":[{"href":"https:\/\/nedir.az\/atalar-sozleri\/wp-json\/wp\/v2\/types\/post"}],"author":[{"embeddable":true,"href":"https:\/\/nedir.az\/atalar-sozleri\/wp-json\/wp\/v2\/users\/2"}],"replies":[{"embeddable":true,"href":"https:\/\/nedir.az\/atalar-sozleri\/wp-json\/wp\/v2\/comments?post=6560"}],"version-history":[{"count":0,"href":"https:\/\/nedir.az\/atalar-sozleri\/wp-json\/wp\/v2\/posts\/6560\/revisions"}],"wp:attachment":[{"href":"https:\/\/nedir.az\/atalar-sozleri\/wp-json\/wp\/v2\/media?parent=6560"}],"wp:term":[{"taxonomy":"category","embeddable":true,"href":"https:\/\/nedir.az\/atalar-sozleri\/wp-json\/wp\/v2\/categories?post=6560"},{"taxonomy":"post_tag","embeddable":true,"href":"https:\/\/nedir.az\/atalar-sozleri\/wp-json\/wp\/v2\/tags?post=6560"}],"curies":[{"name":"wp","href":"https:\/\/api.w.org\/{rel}","templated":true}]}}