{"id":6559,"date":"2024-09-06T21:34:20","date_gmt":"2024-09-06T21:34:20","guid":{"rendered":""},"modified":"-0001-11-30T00:00:00","modified_gmt":"-0001-11-29T21:00:00","slug":"emek-insani-ucaldir","status":"publish","type":"post","link":"https:\/\/nedir.az\/atalar-sozleri\/emek-insani-ucaldir-atalar-sozunun-menasi-nedir","title":{"rendered":"\u018fm\u0259k \u0130nsan\u0131 Ucald\u0131r"},"content":{"rendered":"<p>\u201c\u0259m\u0259k insan\u0131 ucald\u0131r\u201d atalar s\u00f6z\u00fcn\u00fcn m\u0259nas\u0131, insan\u0131n \u00e7al\u0131\u015fqanl\u0131\u011f\u0131, z\u0259hm\u0259ti v\u0259 \u0259m\u0259yi say\u0259sind\u0259 y\u00fcks\u0259lm\u0259si, c\u0259miyy\u0259t i\u00e7ind\u0259 d\u0259y\u0259r qazanmas\u0131d\u0131r. Bu atalar s\u00f6z\u00fc, insan\u0131n \u00f6z m\u0259qs\u0259dl\u0259rin\u0259 \u00e7atmaq \u00fc\u00e7\u00fcn \u00e7al\u0131\u015fmas\u0131n\u0131n vacibliyini vur\u011fulay\u0131r. H\u0259r bir insan, \u0259g\u0259r \u00f6z i\u015fin\u0259 sadiq qalarsa, z\u0259hm\u0259t \u00e7\u0259k\u0259rs\u0259, m\u00fctl\u0259q u\u011fur qazanacaq v\u0259 c\u0259miyy\u0259td\u0259 h\u00f6rm\u0259t qazanacaqd\u0131r. Bu, h\u0259m d\u0259 insanlar\u0131n \u0259m\u0259ksev\u0259r olmas\u0131n\u0131n, \u00e7al\u0131\u015fqanl\u0131\u011f\u0131n\u0131n m\u00fckafatland\u0131r\u0131laca\u011f\u0131n\u0131 ifad\u0259 edir.<\/p>\n<p><b>Q\u0131sa M\u0259nas\u0131<\/b><br \/> \u0130nsan z\u0259hm\u0259t \u00e7\u0259kdikc\u0259, u\u011fur qazan\u0131r v\u0259 c\u0259miyy\u0259td\u0259 d\u0259y\u0259rli olur.<\/p>\n","protected":false},"excerpt":{"rendered":"<p>\u201c\u0259m\u0259k insan\u0131 ucald\u0131r\u201d atalar s\u00f6z\u00fcn\u00fcn m\u0259nas\u0131, insan\u0131n \u00e7al\u0131\u015fqanl\u0131\u011f\u0131, z\u0259hm\u0259ti v\u0259 \u0259m\u0259yi say\u0259sind\u0259 y\u00fcks\u0259lm\u0259si, c\u0259miyy\u0259t i\u00e7ind\u0259 d\u0259y\u0259r qazanmas\u0131d\u0131r. Bu atalar s\u00f6z\u00fc, insan\u0131n \u00f6z m\u0259qs\u0259dl\u0259rin\u0259 \u00e7atmaq \u00fc\u00e7\u00fcn \u00e7al\u0131\u015fmas\u0131n\u0131n vacibliyini vur\u011fulay\u0131r. H\u0259r bir insan, \u0259g\u0259r \u00f6z i\u015fin\u0259 sadiq qalarsa, z\u0259hm\u0259t \u00e7\u0259k\u0259rs\u0259, m\u00fctl\u0259q u\u011fur qazanacaq v\u0259 c\u0259miyy\u0259td\u0259 h\u00f6rm\u0259t qazanacaqd\u0131r. Bu, h\u0259m d\u0259 insanlar\u0131n \u0259m\u0259ksev\u0259r olmas\u0131n\u0131n, \u00e7al\u0131\u015fqanl\u0131\u011f\u0131n\u0131n m\u00fckafatland\u0131r\u0131laca\u011f\u0131n\u0131 ifad\u0259 edir. &#8230; <a title=\"\u018fm\u0259k \u0130nsan\u0131 Ucald\u0131r\" class=\"read-more\" href=\"https:\/\/nedir.az\/atalar-sozleri\/emek-insani-ucaldir-atalar-sozunun-menasi-nedir\" aria-label=\"Read more about \u018fm\u0259k \u0130nsan\u0131 Ucald\u0131r\">Read more<\/a><\/p>\n","protected":false},"author":2,"featured_media":0,"comment_status":"open","ping_status":"open","sticky":false,"template":"","format":"standard","meta":{"footnotes":""},"categories":[1],"tags":[],"class_list":["post-6559","post","type-post","status-publish","format-standard","hentry","category-atalar-sozleri-atalar-sozu"],"aioseo_notices":[],"_links":{"self":[{"href":"https:\/\/nedir.az\/atalar-sozleri\/wp-json\/wp\/v2\/posts\/6559","targetHints":{"allow":["GET"]}}],"collection":[{"href":"https:\/\/nedir.az\/atalar-sozleri\/wp-json\/wp\/v2\/posts"}],"about":[{"href":"https:\/\/nedir.az\/atalar-sozleri\/wp-json\/wp\/v2\/types\/post"}],"author":[{"embeddable":true,"href":"https:\/\/nedir.az\/atalar-sozleri\/wp-json\/wp\/v2\/users\/2"}],"replies":[{"embeddable":true,"href":"https:\/\/nedir.az\/atalar-sozleri\/wp-json\/wp\/v2\/comments?post=6559"}],"version-history":[{"count":0,"href":"https:\/\/nedir.az\/atalar-sozleri\/wp-json\/wp\/v2\/posts\/6559\/revisions"}],"wp:attachment":[{"href":"https:\/\/nedir.az\/atalar-sozleri\/wp-json\/wp\/v2\/media?parent=6559"}],"wp:term":[{"taxonomy":"category","embeddable":true,"href":"https:\/\/nedir.az\/atalar-sozleri\/wp-json\/wp\/v2\/categories?post=6559"},{"taxonomy":"post_tag","embeddable":true,"href":"https:\/\/nedir.az\/atalar-sozleri\/wp-json\/wp\/v2\/tags?post=6559"}],"curies":[{"name":"wp","href":"https:\/\/api.w.org\/{rel}","templated":true}]}}