{"id":6554,"date":"2024-09-06T21:34:20","date_gmt":"2024-09-06T21:34:20","guid":{"rendered":""},"modified":"-0001-11-30T00:00:00","modified_gmt":"-0001-11-29T21:00:00","slug":"elinden-gelmeyeni-diline-de-getirme","status":"publish","type":"post","link":"https:\/\/nedir.az\/atalar-sozleri\/elinden-gelmeyeni-diline-de-getirme-atalar-sozunun-menasi-nedir","title":{"rendered":"\u018flind\u0259n G\u0259lm\u0259y\u0259ni Dilin\u0259 d\u0259 G\u0259tirm\u0259"},"content":{"rendered":"<p>&#8220;\u0259lind\u0259n g\u0259lm\u0259y\u0259ni dilin\u0259 d\u0259 g\u0259tirm\u0259&#8221; atalar s\u00f6z\u00fc, bir insan\u0131n \u00f6z bacar\u0131q v\u0259 imkanlar\u0131ndan k\u0259nar olan \u015feyl\u0259r haqq\u0131nda dan\u0131\u015fmamas\u0131, ba\u015fqalar\u0131na t\u0259nqid etm\u0259m\u0259si v\u0259 ya m\u00fchakim\u0259 etm\u0259m\u0259si laz\u0131m oldu\u011funu ifad\u0259 edir. Bu s\u00f6z, insanlara \u00f6z g\u00fccl\u0259rini a\u015fan m\u0259s\u0259l\u0259l\u0259rd\u0259 ba\u015fqalar\u0131n\u0131 q\u0131namadan \u0259vv\u0259l \u00f6zl\u0259rini qiym\u0259tl\u0259ndirm\u0259l\u0259ri g\u0259r\u0259kdiyini xat\u0131rlad\u0131r. Y\u0259ni, bir \u015feyd\u0259 m\u00fcv\u0259ff\u0259qiyy\u0259t qazana bilm\u0259dikd\u0259, ba\u015fqalar\u0131n\u0131 da eyni \u015f\u0259kild\u0259 m\u00fchakim\u0259 etm\u0259m\u0259k laz\u0131md\u0131r.<\/p>\n<p><b>Q\u0131sa M\u0259nas\u0131<\/b><br \/> \u00d6z imkanlar\u0131n\u0131 a\u015fan \u015feyl\u0259r haqq\u0131nda ba\u015fqalar\u0131n\u0131 q\u0131namamaq g\u0259r\u0259kdiyini bildirir.<\/p>\n","protected":false},"excerpt":{"rendered":"<p>&#8220;\u0259lind\u0259n g\u0259lm\u0259y\u0259ni dilin\u0259 d\u0259 g\u0259tirm\u0259&#8221; atalar s\u00f6z\u00fc, bir insan\u0131n \u00f6z bacar\u0131q v\u0259 imkanlar\u0131ndan k\u0259nar olan \u015feyl\u0259r haqq\u0131nda dan\u0131\u015fmamas\u0131, ba\u015fqalar\u0131na t\u0259nqid etm\u0259m\u0259si v\u0259 ya m\u00fchakim\u0259 etm\u0259m\u0259si laz\u0131m oldu\u011funu ifad\u0259 edir. Bu s\u00f6z, insanlara \u00f6z g\u00fccl\u0259rini a\u015fan m\u0259s\u0259l\u0259l\u0259rd\u0259 ba\u015fqalar\u0131n\u0131 q\u0131namadan \u0259vv\u0259l \u00f6zl\u0259rini qiym\u0259tl\u0259ndirm\u0259l\u0259ri g\u0259r\u0259kdiyini xat\u0131rlad\u0131r. Y\u0259ni, bir \u015feyd\u0259 m\u00fcv\u0259ff\u0259qiyy\u0259t qazana bilm\u0259dikd\u0259, ba\u015fqalar\u0131n\u0131 da eyni \u015f\u0259kild\u0259 m\u00fchakim\u0259 etm\u0259m\u0259k &#8230; <a title=\"\u018flind\u0259n G\u0259lm\u0259y\u0259ni Dilin\u0259 d\u0259 G\u0259tirm\u0259\" class=\"read-more\" href=\"https:\/\/nedir.az\/atalar-sozleri\/elinden-gelmeyeni-diline-de-getirme-atalar-sozunun-menasi-nedir\" aria-label=\"Read more about \u018flind\u0259n G\u0259lm\u0259y\u0259ni Dilin\u0259 d\u0259 G\u0259tirm\u0259\">Read more<\/a><\/p>\n","protected":false},"author":2,"featured_media":0,"comment_status":"open","ping_status":"open","sticky":false,"template":"","format":"standard","meta":{"footnotes":""},"categories":[1],"tags":[],"class_list":["post-6554","post","type-post","status-publish","format-standard","hentry","category-atalar-sozleri-atalar-sozu"],"aioseo_notices":[],"_links":{"self":[{"href":"https:\/\/nedir.az\/atalar-sozleri\/wp-json\/wp\/v2\/posts\/6554","targetHints":{"allow":["GET"]}}],"collection":[{"href":"https:\/\/nedir.az\/atalar-sozleri\/wp-json\/wp\/v2\/posts"}],"about":[{"href":"https:\/\/nedir.az\/atalar-sozleri\/wp-json\/wp\/v2\/types\/post"}],"author":[{"embeddable":true,"href":"https:\/\/nedir.az\/atalar-sozleri\/wp-json\/wp\/v2\/users\/2"}],"replies":[{"embeddable":true,"href":"https:\/\/nedir.az\/atalar-sozleri\/wp-json\/wp\/v2\/comments?post=6554"}],"version-history":[{"count":0,"href":"https:\/\/nedir.az\/atalar-sozleri\/wp-json\/wp\/v2\/posts\/6554\/revisions"}],"wp:attachment":[{"href":"https:\/\/nedir.az\/atalar-sozleri\/wp-json\/wp\/v2\/media?parent=6554"}],"wp:term":[{"taxonomy":"category","embeddable":true,"href":"https:\/\/nedir.az\/atalar-sozleri\/wp-json\/wp\/v2\/categories?post=6554"},{"taxonomy":"post_tag","embeddable":true,"href":"https:\/\/nedir.az\/atalar-sozleri\/wp-json\/wp\/v2\/tags?post=6554"}],"curies":[{"name":"wp","href":"https:\/\/api.w.org\/{rel}","templated":true}]}}