{"id":6539,"date":"2024-09-06T21:34:19","date_gmt":"2024-09-06T21:34:19","guid":{"rendered":""},"modified":"-0001-11-30T00:00:00","modified_gmt":"-0001-11-29T21:00:00","slug":"elden-qalan-elli-il-qalar","status":"publish","type":"post","link":"https:\/\/nedir.az\/atalar-sozleri\/elden-qalan-elli-il-qalar-atalar-sozunun-menasi-nedir","title":{"rendered":"\u018fld\u0259n Qalan \u018flli Il Qalar"},"content":{"rendered":"<p>&#8220;\u0259ld\u0259n qalan \u0259lli il qalar&#8221; atalar s\u00f6z\u00fcn\u00fcn m\u0259nas\u0131, bir insan\u0131n, bir i\u015fin v\u0259 ya bir \u015feyin \u00f6z d\u0259y\u0259rini, \u0259h\u0259miyy\u0259tini zamanla itirm\u0259d\u0259n, uzun m\u00fcdd\u0259t \u0259rzind\u0259 qoruyub saxlayaca\u011f\u0131n\u0131 ifad\u0259 edir. Bu atalar s\u00f6z\u00fc, bir \u015feyin, x\u00fcsusil\u0259 d\u0259 bir insan\u0131n, \u00f6z keyfiyy\u0259tl\u0259rini, d\u0259y\u0259rl\u0259rini v\u0259 ya xatir\u0259l\u0259rini uzun m\u00fcdd\u0259t \u0259rzind\u0259 ya\u015fatma\u011fa qadir oldu\u011funu vur\u011fulay\u0131r. H\u0259m\u00e7inin, bu ifad\u0259, bir \u015feyin zamanla d\u0259y\u0259rini itirm\u0259diyini, \u0259ksin\u0259, zaman ke\u00e7dikc\u0259 daha da qiym\u0259tli hala g\u0259l\u0259 bil\u0259c\u0259yini g\u00f6st\u0259rir.<\/p>\n<p><b>Q\u0131sa M\u0259nas\u0131<\/b><br \/> Uzun m\u00fcdd\u0259t d\u0259y\u0259rini itirm\u0259y\u0259n v\u0259 ya xatir\u0259si ya\u015fanan \u015feyl\u0259r.<\/p>\n","protected":false},"excerpt":{"rendered":"<p>&#8220;\u0259ld\u0259n qalan \u0259lli il qalar&#8221; atalar s\u00f6z\u00fcn\u00fcn m\u0259nas\u0131, bir insan\u0131n, bir i\u015fin v\u0259 ya bir \u015feyin \u00f6z d\u0259y\u0259rini, \u0259h\u0259miyy\u0259tini zamanla itirm\u0259d\u0259n, uzun m\u00fcdd\u0259t \u0259rzind\u0259 qoruyub saxlayaca\u011f\u0131n\u0131 ifad\u0259 edir. Bu atalar s\u00f6z\u00fc, bir \u015feyin, x\u00fcsusil\u0259 d\u0259 bir insan\u0131n, \u00f6z keyfiyy\u0259tl\u0259rini, d\u0259y\u0259rl\u0259rini v\u0259 ya xatir\u0259l\u0259rini uzun m\u00fcdd\u0259t \u0259rzind\u0259 ya\u015fatma\u011fa qadir oldu\u011funu vur\u011fulay\u0131r. H\u0259m\u00e7inin, bu ifad\u0259, bir \u015feyin &#8230; <a title=\"\u018fld\u0259n Qalan \u018flli Il Qalar\" class=\"read-more\" href=\"https:\/\/nedir.az\/atalar-sozleri\/elden-qalan-elli-il-qalar-atalar-sozunun-menasi-nedir\" aria-label=\"Read more about \u018fld\u0259n Qalan \u018flli Il Qalar\">Read more<\/a><\/p>\n","protected":false},"author":2,"featured_media":0,"comment_status":"open","ping_status":"open","sticky":false,"template":"","format":"standard","meta":{"footnotes":""},"categories":[1],"tags":[],"class_list":["post-6539","post","type-post","status-publish","format-standard","hentry","category-atalar-sozleri-atalar-sozu"],"aioseo_notices":[],"_links":{"self":[{"href":"https:\/\/nedir.az\/atalar-sozleri\/wp-json\/wp\/v2\/posts\/6539","targetHints":{"allow":["GET"]}}],"collection":[{"href":"https:\/\/nedir.az\/atalar-sozleri\/wp-json\/wp\/v2\/posts"}],"about":[{"href":"https:\/\/nedir.az\/atalar-sozleri\/wp-json\/wp\/v2\/types\/post"}],"author":[{"embeddable":true,"href":"https:\/\/nedir.az\/atalar-sozleri\/wp-json\/wp\/v2\/users\/2"}],"replies":[{"embeddable":true,"href":"https:\/\/nedir.az\/atalar-sozleri\/wp-json\/wp\/v2\/comments?post=6539"}],"version-history":[{"count":0,"href":"https:\/\/nedir.az\/atalar-sozleri\/wp-json\/wp\/v2\/posts\/6539\/revisions"}],"wp:attachment":[{"href":"https:\/\/nedir.az\/atalar-sozleri\/wp-json\/wp\/v2\/media?parent=6539"}],"wp:term":[{"taxonomy":"category","embeddable":true,"href":"https:\/\/nedir.az\/atalar-sozleri\/wp-json\/wp\/v2\/categories?post=6539"},{"taxonomy":"post_tag","embeddable":true,"href":"https:\/\/nedir.az\/atalar-sozleri\/wp-json\/wp\/v2\/tags?post=6539"}],"curies":[{"name":"wp","href":"https:\/\/api.w.org\/{rel}","templated":true}]}}