{"id":6527,"date":"2024-09-06T21:34:19","date_gmt":"2024-09-06T21:34:19","guid":{"rendered":""},"modified":"-0001-11-30T00:00:00","modified_gmt":"-0001-11-29T21:00:00","slug":"ekinini-sutul-yiyen-xirman-vaxti-sulener","status":"publish","type":"post","link":"https:\/\/nedir.az\/atalar-sozleri\/ekinini-sutul-yiyen-xirman-vaxti-sulener-atalar-sozunun-menasi-nedir","title":{"rendered":"\u018fkinini S\u00fct\u00fcl Yiy\u0259n X\u0131rman Vaxt\u0131 S\u00fcl\u0259n\u0259r."},"content":{"rendered":"<p>&#8220;\u0259kinini s\u00fct\u00fcl yiy\u0259n x\u0131rman vaxt\u0131 s\u00fcl\u0259n\u0259r.&#8221; atalar s\u00f6z\u00fcn\u00fcn m\u0259nas\u0131, insan\u0131n \u00f6z i\u015fini d\u00fczg\u00fcn v\u0259 s\u0259m\u0259r\u0259li yerin\u0259 yetirm\u0259si, zaman\u0131nda \u00e7al\u0131\u015fmas\u0131 v\u0259 \u0259ziyy\u0259t \u00e7\u0259km\u0259si n\u0259tic\u0259sind\u0259 m\u00fckafat alaca\u011f\u0131n\u0131 ifad\u0259 edir. Bu atalar s\u00f6z\u00fc, bir \u015feyin n\u0259tic\u0259sinin, onun \u00fcz\u0259rind\u0259 g\u00f6r\u00fcl\u0259n i\u015fin keyfiyy\u0259tin\u0259 ba\u011fl\u0131 oldu\u011funu vur\u011fulay\u0131r. Y\u0259ni, \u0259g\u0259r insan \u00f6z i\u015fini laqeyd yana\u015fsa, n\u0259tic\u0259si d\u0259 m\u00fcsb\u0259t olmayacaq. <\/p>\n<p><b>Q\u0131sa M\u0259nas\u0131<\/b><br \/> \u00d6z i\u015fini d\u00fczg\u00fcn yerin\u0259 yetir\u0259n, \u0259ziyy\u0259t \u00e7\u0259k\u0259n insan m\u00fckafat\u0131n\u0131 alar.<\/p>\n","protected":false},"excerpt":{"rendered":"<p>&#8220;\u0259kinini s\u00fct\u00fcl yiy\u0259n x\u0131rman vaxt\u0131 s\u00fcl\u0259n\u0259r.&#8221; atalar s\u00f6z\u00fcn\u00fcn m\u0259nas\u0131, insan\u0131n \u00f6z i\u015fini d\u00fczg\u00fcn v\u0259 s\u0259m\u0259r\u0259li yerin\u0259 yetirm\u0259si, zaman\u0131nda \u00e7al\u0131\u015fmas\u0131 v\u0259 \u0259ziyy\u0259t \u00e7\u0259km\u0259si n\u0259tic\u0259sind\u0259 m\u00fckafat alaca\u011f\u0131n\u0131 ifad\u0259 edir. Bu atalar s\u00f6z\u00fc, bir \u015feyin n\u0259tic\u0259sinin, onun \u00fcz\u0259rind\u0259 g\u00f6r\u00fcl\u0259n i\u015fin keyfiyy\u0259tin\u0259 ba\u011fl\u0131 oldu\u011funu vur\u011fulay\u0131r. Y\u0259ni, \u0259g\u0259r insan \u00f6z i\u015fini laqeyd yana\u015fsa, n\u0259tic\u0259si d\u0259 m\u00fcsb\u0259t olmayacaq. Q\u0131sa M\u0259nas\u0131 \u00d6z &#8230; <a title=\"\u018fkinini S\u00fct\u00fcl Yiy\u0259n X\u0131rman Vaxt\u0131 S\u00fcl\u0259n\u0259r.\" class=\"read-more\" href=\"https:\/\/nedir.az\/atalar-sozleri\/ekinini-sutul-yiyen-xirman-vaxti-sulener-atalar-sozunun-menasi-nedir\" aria-label=\"Read more about \u018fkinini S\u00fct\u00fcl Yiy\u0259n X\u0131rman Vaxt\u0131 S\u00fcl\u0259n\u0259r.\">Read more<\/a><\/p>\n","protected":false},"author":2,"featured_media":0,"comment_status":"open","ping_status":"open","sticky":false,"template":"","format":"standard","meta":{"footnotes":""},"categories":[1],"tags":[],"class_list":["post-6527","post","type-post","status-publish","format-standard","hentry","category-atalar-sozleri-atalar-sozu"],"aioseo_notices":[],"_links":{"self":[{"href":"https:\/\/nedir.az\/atalar-sozleri\/wp-json\/wp\/v2\/posts\/6527","targetHints":{"allow":["GET"]}}],"collection":[{"href":"https:\/\/nedir.az\/atalar-sozleri\/wp-json\/wp\/v2\/posts"}],"about":[{"href":"https:\/\/nedir.az\/atalar-sozleri\/wp-json\/wp\/v2\/types\/post"}],"author":[{"embeddable":true,"href":"https:\/\/nedir.az\/atalar-sozleri\/wp-json\/wp\/v2\/users\/2"}],"replies":[{"embeddable":true,"href":"https:\/\/nedir.az\/atalar-sozleri\/wp-json\/wp\/v2\/comments?post=6527"}],"version-history":[{"count":0,"href":"https:\/\/nedir.az\/atalar-sozleri\/wp-json\/wp\/v2\/posts\/6527\/revisions"}],"wp:attachment":[{"href":"https:\/\/nedir.az\/atalar-sozleri\/wp-json\/wp\/v2\/media?parent=6527"}],"wp:term":[{"taxonomy":"category","embeddable":true,"href":"https:\/\/nedir.az\/atalar-sozleri\/wp-json\/wp\/v2\/categories?post=6527"},{"taxonomy":"post_tag","embeddable":true,"href":"https:\/\/nedir.az\/atalar-sozleri\/wp-json\/wp\/v2\/tags?post=6527"}],"curies":[{"name":"wp","href":"https:\/\/api.w.org\/{rel}","templated":true}]}}