{"id":6516,"date":"2024-09-06T21:34:19","date_gmt":"2024-09-06T21:34:19","guid":{"rendered":""},"modified":"-0001-11-30T00:00:00","modified_gmt":"-0001-11-29T21:00:00","slug":"ecel-gelende-sorusmaz-ki-ogul-usagin-necedir","status":"publish","type":"post","link":"https:\/\/nedir.az\/atalar-sozleri\/ecel-gelende-sorusmaz-ki-ogul-usagin-necedir-atalar-sozunun-menasi-nedir","title":{"rendered":"\u018fc\u0259l G\u0259l\u0259nd\u0259 Soru\u015fmaz Ki, O\u011ful-u\u015fa\u011f\u0131n Ne\u00e7\u0259dir"},"content":{"rendered":"<p>\u201c\u0259c\u0259l g\u0259l\u0259nd\u0259 soru\u015fmaz ki, o\u011ful-u\u015fa\u011f\u0131n ne\u00e7\u0259dir\u201d atalar s\u00f6z\u00fc, insan\u0131n \u00f6l\u00fcm\u00fcn\u00fcn qa\u00e7\u0131lmaz oldu\u011funu v\u0259 bu zaman d\u00fcnyadak\u0131 maddi \u015feyl\u0259rin, ail\u0259vi m\u00fcnasib\u0259tl\u0259rin v\u0259 ya sosial statusun \u0259h\u0259miyy\u0259tinin olmad\u0131\u011f\u0131n\u0131 vur\u011fulay\u0131r. Bu s\u00f6z, insan\u0131n h\u0259yatda \u0259sl d\u0259y\u0259rl\u0259ri, y\u0259ni ruhsal v\u0259 m\u0259n\u0259vi d\u0259y\u0259rl\u0259ri \u00f6n plana \u00e7\u0131xarmal\u0131 oldu\u011funu xat\u0131rlad\u0131r. H\u0259yat\u0131n sonunun g\u0259ldiyi bir anda, insan\u0131n mal-d\u00f6vl\u0259tinin, u\u015faqlar\u0131n\u0131n say\u0131n\u0131n v\u0259 ya dig\u0259r d\u00fcny\u0259vi \u015feyl\u0259rin he\u00e7 bir \u0259h\u0259miyy\u0259ti qalm\u0131r. Bu atalar s\u00f6z\u00fc, insanlar\u0131 daha d\u0259rin d\u00fc\u015f\u00fcnm\u0259y\u0259 v\u0259 h\u0259yatda \u0259sl d\u0259y\u0259rl\u0259ri qiym\u0259tl\u0259ndirm\u0259y\u0259 t\u0259\u015fviq edir.<\/p>\n<p><b>Q\u0131sa M\u0259nas\u0131<\/b><br \/>Bu atalar s\u00f6z\u00fc, \u00f6l\u00fcm\u00fcn qa\u00e7\u0131lmaz oldu\u011funu v\u0259 d\u00fcny\u0259vi \u015feyl\u0259rin \u0259h\u0259miyy\u0259tinin olmad\u0131\u011f\u0131n\u0131 vur\u011fulay\u0131r.<\/p>\n","protected":false},"excerpt":{"rendered":"<p>\u201c\u0259c\u0259l g\u0259l\u0259nd\u0259 soru\u015fmaz ki, o\u011ful-u\u015fa\u011f\u0131n ne\u00e7\u0259dir\u201d atalar s\u00f6z\u00fc, insan\u0131n \u00f6l\u00fcm\u00fcn\u00fcn qa\u00e7\u0131lmaz oldu\u011funu v\u0259 bu zaman d\u00fcnyadak\u0131 maddi \u015feyl\u0259rin, ail\u0259vi m\u00fcnasib\u0259tl\u0259rin v\u0259 ya sosial statusun \u0259h\u0259miyy\u0259tinin olmad\u0131\u011f\u0131n\u0131 vur\u011fulay\u0131r. Bu s\u00f6z, insan\u0131n h\u0259yatda \u0259sl d\u0259y\u0259rl\u0259ri, y\u0259ni ruhsal v\u0259 m\u0259n\u0259vi d\u0259y\u0259rl\u0259ri \u00f6n plana \u00e7\u0131xarmal\u0131 oldu\u011funu xat\u0131rlad\u0131r. H\u0259yat\u0131n sonunun g\u0259ldiyi bir anda, insan\u0131n mal-d\u00f6vl\u0259tinin, u\u015faqlar\u0131n\u0131n say\u0131n\u0131n v\u0259 ya dig\u0259r &#8230; <a title=\"\u018fc\u0259l G\u0259l\u0259nd\u0259 Soru\u015fmaz Ki, O\u011ful-u\u015fa\u011f\u0131n Ne\u00e7\u0259dir\" class=\"read-more\" href=\"https:\/\/nedir.az\/atalar-sozleri\/ecel-gelende-sorusmaz-ki-ogul-usagin-necedir-atalar-sozunun-menasi-nedir\" aria-label=\"Read more about \u018fc\u0259l G\u0259l\u0259nd\u0259 Soru\u015fmaz Ki, O\u011ful-u\u015fa\u011f\u0131n Ne\u00e7\u0259dir\">Read more<\/a><\/p>\n","protected":false},"author":2,"featured_media":0,"comment_status":"open","ping_status":"open","sticky":false,"template":"","format":"standard","meta":{"footnotes":""},"categories":[1],"tags":[],"class_list":["post-6516","post","type-post","status-publish","format-standard","hentry","category-atalar-sozleri-atalar-sozu"],"aioseo_notices":[],"_links":{"self":[{"href":"https:\/\/nedir.az\/atalar-sozleri\/wp-json\/wp\/v2\/posts\/6516","targetHints":{"allow":["GET"]}}],"collection":[{"href":"https:\/\/nedir.az\/atalar-sozleri\/wp-json\/wp\/v2\/posts"}],"about":[{"href":"https:\/\/nedir.az\/atalar-sozleri\/wp-json\/wp\/v2\/types\/post"}],"author":[{"embeddable":true,"href":"https:\/\/nedir.az\/atalar-sozleri\/wp-json\/wp\/v2\/users\/2"}],"replies":[{"embeddable":true,"href":"https:\/\/nedir.az\/atalar-sozleri\/wp-json\/wp\/v2\/comments?post=6516"}],"version-history":[{"count":0,"href":"https:\/\/nedir.az\/atalar-sozleri\/wp-json\/wp\/v2\/posts\/6516\/revisions"}],"wp:attachment":[{"href":"https:\/\/nedir.az\/atalar-sozleri\/wp-json\/wp\/v2\/media?parent=6516"}],"wp:term":[{"taxonomy":"category","embeddable":true,"href":"https:\/\/nedir.az\/atalar-sozleri\/wp-json\/wp\/v2\/categories?post=6516"},{"taxonomy":"post_tag","embeddable":true,"href":"https:\/\/nedir.az\/atalar-sozleri\/wp-json\/wp\/v2\/tags?post=6516"}],"curies":[{"name":"wp","href":"https:\/\/api.w.org\/{rel}","templated":true}]}}