{"id":6514,"date":"2024-09-06T21:34:19","date_gmt":"2024-09-06T21:34:19","guid":{"rendered":""},"modified":"-0001-11-30T00:00:00","modified_gmt":"-0001-11-29T21:00:00","slug":"ebleh-odur-dunya-ucun-qem-ceker-tanri-bilir-kim-qazanar-kim-yeyer","status":"publish","type":"post","link":"https:\/\/nedir.az\/atalar-sozleri\/ebleh-odur-dunya-ucun-qem-ceker-tanri-bilir-kim-qazanar-kim-yeyer-atalar-sozunun-menasi-nedir","title":{"rendered":"\u018fbl\u0259h Odur D\u00fcnya \u00dc\u00e7\u00fcn Q\u0259m \u00c7\u0259k\u0259r, Tanr\u0131 Bilir, Kim Qazanar, Kim Yey\u0259r"},"content":{"rendered":"<p>\u201c\u0259bl\u0259h odur d\u00fcnya \u00fc\u00e7\u00fcn q\u0259m \u00e7\u0259k\u0259r, tanr\u0131 bilir, kim qazanar, kim yey\u0259r\u201d atalar s\u00f6z\u00fc, insanlar\u0131n h\u0259yat\u0131nda ba\u015f ver\u0259n hadis\u0259l\u0259rin, u\u011furlar\u0131n v\u0259 u\u011fursuzluqlar\u0131n b\u0259z\u0259n bizim n\u0259zar\u0259timizd\u0259n k\u0259narda oldu\u011funu vur\u011fulay\u0131r. Bu s\u00f6z, insan\u0131n \u00f6z\u00fcn\u00fc narahat etm\u0259sinin, ba\u015fqalar\u0131n\u0131n u\u011furlar\u0131n\u0131 v\u0259 ya u\u011fursuzluqlar\u0131n\u0131 d\u00fc\u015f\u00fcnm\u0259sinin m\u0259nas\u0131z oldu\u011funu ifad\u0259 edir. H\u0259yatda h\u0259r k\u0259sin \u00f6z yolu, \u00f6z taleyi var v\u0259 bu taleyi yaln\u0131z Tanr\u0131 bilir. \u0130nsanlar b\u0259z\u0259n ba\u015fqalar\u0131n\u0131n qazanc\u0131n\u0131 v\u0259 ya itkisinin s\u0259b\u0259bini anlama\u011fa \u00e7al\u0131\u015fsalar da, \u0259slind\u0259 bu, onlar\u0131n \u00f6z h\u0259yatlar\u0131na t\u0259sir etmir. <\/p>\n<p><b>Q\u0131sa M\u0259nas\u0131<\/b><br \/> Bu atalar s\u00f6z\u00fc, insanlar\u0131n ba\u015fqalar\u0131n\u0131n u\u011furlar\u0131na v\u0259 ya u\u011fursuzluqlar\u0131na g\u00f6r\u0259 narahat olmalar\u0131n\u0131n m\u0259nas\u0131z oldu\u011funu, h\u0259r k\u0259sin \u00f6z taleyinin Tanr\u0131 t\u0259r\u0259find\u0259n m\u00fc\u0259yy\u0259n olundu\u011funu bildirir.<\/p>\n","protected":false},"excerpt":{"rendered":"<p>\u201c\u0259bl\u0259h odur d\u00fcnya \u00fc\u00e7\u00fcn q\u0259m \u00e7\u0259k\u0259r, tanr\u0131 bilir, kim qazanar, kim yey\u0259r\u201d atalar s\u00f6z\u00fc, insanlar\u0131n h\u0259yat\u0131nda ba\u015f ver\u0259n hadis\u0259l\u0259rin, u\u011furlar\u0131n v\u0259 u\u011fursuzluqlar\u0131n b\u0259z\u0259n bizim n\u0259zar\u0259timizd\u0259n k\u0259narda oldu\u011funu vur\u011fulay\u0131r. Bu s\u00f6z, insan\u0131n \u00f6z\u00fcn\u00fc narahat etm\u0259sinin, ba\u015fqalar\u0131n\u0131n u\u011furlar\u0131n\u0131 v\u0259 ya u\u011fursuzluqlar\u0131n\u0131 d\u00fc\u015f\u00fcnm\u0259sinin m\u0259nas\u0131z oldu\u011funu ifad\u0259 edir. H\u0259yatda h\u0259r k\u0259sin \u00f6z yolu, \u00f6z taleyi var v\u0259 bu taleyi &#8230; <a title=\"\u018fbl\u0259h Odur D\u00fcnya \u00dc\u00e7\u00fcn Q\u0259m \u00c7\u0259k\u0259r, Tanr\u0131 Bilir, Kim Qazanar, Kim Yey\u0259r\" class=\"read-more\" href=\"https:\/\/nedir.az\/atalar-sozleri\/ebleh-odur-dunya-ucun-qem-ceker-tanri-bilir-kim-qazanar-kim-yeyer-atalar-sozunun-menasi-nedir\" aria-label=\"Read more about \u018fbl\u0259h Odur D\u00fcnya \u00dc\u00e7\u00fcn Q\u0259m \u00c7\u0259k\u0259r, Tanr\u0131 Bilir, Kim Qazanar, Kim Yey\u0259r\">Read more<\/a><\/p>\n","protected":false},"author":2,"featured_media":0,"comment_status":"open","ping_status":"open","sticky":false,"template":"","format":"standard","meta":{"footnotes":""},"categories":[1],"tags":[],"class_list":["post-6514","post","type-post","status-publish","format-standard","hentry","category-atalar-sozleri-atalar-sozu"],"aioseo_notices":[],"_links":{"self":[{"href":"https:\/\/nedir.az\/atalar-sozleri\/wp-json\/wp\/v2\/posts\/6514","targetHints":{"allow":["GET"]}}],"collection":[{"href":"https:\/\/nedir.az\/atalar-sozleri\/wp-json\/wp\/v2\/posts"}],"about":[{"href":"https:\/\/nedir.az\/atalar-sozleri\/wp-json\/wp\/v2\/types\/post"}],"author":[{"embeddable":true,"href":"https:\/\/nedir.az\/atalar-sozleri\/wp-json\/wp\/v2\/users\/2"}],"replies":[{"embeddable":true,"href":"https:\/\/nedir.az\/atalar-sozleri\/wp-json\/wp\/v2\/comments?post=6514"}],"version-history":[{"count":0,"href":"https:\/\/nedir.az\/atalar-sozleri\/wp-json\/wp\/v2\/posts\/6514\/revisions"}],"wp:attachment":[{"href":"https:\/\/nedir.az\/atalar-sozleri\/wp-json\/wp\/v2\/media?parent=6514"}],"wp:term":[{"taxonomy":"category","embeddable":true,"href":"https:\/\/nedir.az\/atalar-sozleri\/wp-json\/wp\/v2\/categories?post=6514"},{"taxonomy":"post_tag","embeddable":true,"href":"https:\/\/nedir.az\/atalar-sozleri\/wp-json\/wp\/v2\/tags?post=6514"}],"curies":[{"name":"wp","href":"https:\/\/api.w.org\/{rel}","templated":true}]}}