{"id":6509,"date":"2024-09-06T21:34:19","date_gmt":"2024-09-06T21:34:19","guid":{"rendered":""},"modified":"-0001-11-30T00:00:00","modified_gmt":"-0001-11-29T21:00:00","slug":"eyibsiz-yar-axtaran-yarsiz-qalar","status":"publish","type":"post","link":"https:\/\/nedir.az\/atalar-sozleri\/eyibsiz-yar-axtaran-yarsiz-qalar-atalar-sozunun-menasi-nedir","title":{"rendered":"Eyibsiz Yar Axtaran Yars\u0131z Qalar"},"content":{"rendered":"<p>&#8220;eyibsiz yar axtaran yars\u0131z qalar&#8221; atalar s\u00f6z\u00fcn\u00fcn m\u0259nas\u0131, insan\u0131n m\u00fck\u0259mm\u0259l, ideal bir \u015fey axtarark\u0259n, ger\u00e7\u0259kd\u0259 \u0259lind\u0259 olan imkanlar\u0131 d\u0259y\u0259rl\u0259ndirm\u0259diyi v\u0259 n\u0259tic\u0259d\u0259 he\u00e7 bir \u015fey \u0259ld\u0259 ed\u0259 bilm\u0259diyi fikrini ifad\u0259 edir. Bu atalar s\u00f6z\u00fc, insanlar\u0131n b\u0259z\u0259n \u00f6z t\u0259l\u0259bl\u0259rini \u00e7ox y\u00fcks\u0259k tutduqlar\u0131 zaman, \u0259slind\u0259 \u0259ll\u0259rind\u0259 olan d\u0259y\u0259rl\u0259ri itir\u0259 bil\u0259c\u0259kl\u0259rini vur\u011fulay\u0131r. Y\u0259ni, m\u00fck\u0259mm\u0259l bir \u015fey axtarark\u0259n, b\u0259z\u0259n \u0259slind\u0259 yax\u015f\u0131 olan\u0131 da itirm\u0259k riski vard\u0131r.<\/p>\n<p><b>Q\u0131sa M\u0259nas\u0131<\/b><br \/> \u0130nsan m\u00fck\u0259mm\u0259l bir \u015fey axtarark\u0259n, \u0259lind\u0259ki d\u0259y\u0259rl\u0259ri itir\u0259 bil\u0259r.<\/p>\n","protected":false},"excerpt":{"rendered":"<p>&#8220;eyibsiz yar axtaran yars\u0131z qalar&#8221; atalar s\u00f6z\u00fcn\u00fcn m\u0259nas\u0131, insan\u0131n m\u00fck\u0259mm\u0259l, ideal bir \u015fey axtarark\u0259n, ger\u00e7\u0259kd\u0259 \u0259lind\u0259 olan imkanlar\u0131 d\u0259y\u0259rl\u0259ndirm\u0259diyi v\u0259 n\u0259tic\u0259d\u0259 he\u00e7 bir \u015fey \u0259ld\u0259 ed\u0259 bilm\u0259diyi fikrini ifad\u0259 edir. Bu atalar s\u00f6z\u00fc, insanlar\u0131n b\u0259z\u0259n \u00f6z t\u0259l\u0259bl\u0259rini \u00e7ox y\u00fcks\u0259k tutduqlar\u0131 zaman, \u0259slind\u0259 \u0259ll\u0259rind\u0259 olan d\u0259y\u0259rl\u0259ri itir\u0259 bil\u0259c\u0259kl\u0259rini vur\u011fulay\u0131r. Y\u0259ni, m\u00fck\u0259mm\u0259l bir \u015fey axtarark\u0259n, b\u0259z\u0259n \u0259slind\u0259 &#8230; <a title=\"Eyibsiz Yar Axtaran Yars\u0131z Qalar\" class=\"read-more\" href=\"https:\/\/nedir.az\/atalar-sozleri\/eyibsiz-yar-axtaran-yarsiz-qalar-atalar-sozunun-menasi-nedir\" aria-label=\"Read more about Eyibsiz Yar Axtaran Yars\u0131z Qalar\">Read more<\/a><\/p>\n","protected":false},"author":2,"featured_media":0,"comment_status":"open","ping_status":"open","sticky":false,"template":"","format":"standard","meta":{"footnotes":""},"categories":[1],"tags":[],"class_list":["post-6509","post","type-post","status-publish","format-standard","hentry","category-atalar-sozleri-atalar-sozu"],"aioseo_notices":[],"_links":{"self":[{"href":"https:\/\/nedir.az\/atalar-sozleri\/wp-json\/wp\/v2\/posts\/6509","targetHints":{"allow":["GET"]}}],"collection":[{"href":"https:\/\/nedir.az\/atalar-sozleri\/wp-json\/wp\/v2\/posts"}],"about":[{"href":"https:\/\/nedir.az\/atalar-sozleri\/wp-json\/wp\/v2\/types\/post"}],"author":[{"embeddable":true,"href":"https:\/\/nedir.az\/atalar-sozleri\/wp-json\/wp\/v2\/users\/2"}],"replies":[{"embeddable":true,"href":"https:\/\/nedir.az\/atalar-sozleri\/wp-json\/wp\/v2\/comments?post=6509"}],"version-history":[{"count":0,"href":"https:\/\/nedir.az\/atalar-sozleri\/wp-json\/wp\/v2\/posts\/6509\/revisions"}],"wp:attachment":[{"href":"https:\/\/nedir.az\/atalar-sozleri\/wp-json\/wp\/v2\/media?parent=6509"}],"wp:term":[{"taxonomy":"category","embeddable":true,"href":"https:\/\/nedir.az\/atalar-sozleri\/wp-json\/wp\/v2\/categories?post=6509"},{"taxonomy":"post_tag","embeddable":true,"href":"https:\/\/nedir.az\/atalar-sozleri\/wp-json\/wp\/v2\/tags?post=6509"}],"curies":[{"name":"wp","href":"https:\/\/api.w.org\/{rel}","templated":true}]}}