{"id":6508,"date":"2024-09-06T21:34:19","date_gmt":"2024-09-06T21:34:19","guid":{"rendered":""},"modified":"-0001-11-30T00:00:00","modified_gmt":"-0001-11-29T21:00:00","slug":"eyibsiz-gozel-olmaz-ay-uzunde-de-leke-var","status":"publish","type":"post","link":"https:\/\/nedir.az\/atalar-sozleri\/eyibsiz-gozel-olmaz-ay-uzunde-de-leke-var-atalar-sozunun-menasi-nedir","title":{"rendered":"Eyibsiz G\u00f6z\u0259l Olmaz, Ay \u00dcz\u00fcnd\u0259 d\u0259 L\u0259k\u0259 Var"},"content":{"rendered":"<p>&#8220;eyibsiz g\u00f6z\u0259l olmaz, ay \u00fcz\u00fcnd\u0259 d\u0259 l\u0259k\u0259 var&#8221; atalar s\u00f6z\u00fc, insanlar\u0131n m\u00fck\u0259mm\u0259l olmad\u0131\u011f\u0131n\u0131, h\u0259r k\u0259sin \u00f6z\u00fcnd\u0259 m\u00fc\u0259yy\u0259n \u00e7at\u0131\u015fmazl\u0131qlar\u0131n oldu\u011funu ifad\u0259 edir. Bu s\u00f6z, insanlar\u0131n g\u00f6z\u0259llik v\u0259 m\u00fck\u0259mm\u0259llik anlay\u0131\u015flar\u0131n\u0131n subyektiv oldu\u011funu, h\u0259r k\u0259sin \u00f6z\u00fcn\u0259m\u0259xsus x\u00fcsusiyy\u0259tl\u0259ri v\u0259 q\u00fcsurlar\u0131 oldu\u011funu vur\u011fulay\u0131r. H\u0259m\u00e7inin, bu atalar s\u00f6z\u00fc, insanlar\u0131n bir-birini q\u0259bul etm\u0259si v\u0259 ba\u015fqalar\u0131n\u0131n q\u00fcsurlar\u0131n\u0131 g\u00f6rm\u0259m\u0259si g\u0259r\u0259kdiyini d\u0259 xat\u0131rlad\u0131r.<\/p>\n<p><b>Q\u0131sa M\u0259nas\u0131<\/b><br \/> \u0130nsanlar\u0131n m\u00fck\u0259mm\u0259l olmad\u0131\u011f\u0131n\u0131, h\u0259r k\u0259sin \u00f6z\u00fcnd\u0259 q\u00fcsurlar\u0131n oldu\u011funu ifad\u0259 edir.<\/p>\n","protected":false},"excerpt":{"rendered":"<p>&#8220;eyibsiz g\u00f6z\u0259l olmaz, ay \u00fcz\u00fcnd\u0259 d\u0259 l\u0259k\u0259 var&#8221; atalar s\u00f6z\u00fc, insanlar\u0131n m\u00fck\u0259mm\u0259l olmad\u0131\u011f\u0131n\u0131, h\u0259r k\u0259sin \u00f6z\u00fcnd\u0259 m\u00fc\u0259yy\u0259n \u00e7at\u0131\u015fmazl\u0131qlar\u0131n oldu\u011funu ifad\u0259 edir. Bu s\u00f6z, insanlar\u0131n g\u00f6z\u0259llik v\u0259 m\u00fck\u0259mm\u0259llik anlay\u0131\u015flar\u0131n\u0131n subyektiv oldu\u011funu, h\u0259r k\u0259sin \u00f6z\u00fcn\u0259m\u0259xsus x\u00fcsusiyy\u0259tl\u0259ri v\u0259 q\u00fcsurlar\u0131 oldu\u011funu vur\u011fulay\u0131r. H\u0259m\u00e7inin, bu atalar s\u00f6z\u00fc, insanlar\u0131n bir-birini q\u0259bul etm\u0259si v\u0259 ba\u015fqalar\u0131n\u0131n q\u00fcsurlar\u0131n\u0131 g\u00f6rm\u0259m\u0259si g\u0259r\u0259kdiyini d\u0259 xat\u0131rlad\u0131r. Q\u0131sa M\u0259nas\u0131 &#8230; <a title=\"Eyibsiz G\u00f6z\u0259l Olmaz, Ay \u00dcz\u00fcnd\u0259 d\u0259 L\u0259k\u0259 Var\" class=\"read-more\" href=\"https:\/\/nedir.az\/atalar-sozleri\/eyibsiz-gozel-olmaz-ay-uzunde-de-leke-var-atalar-sozunun-menasi-nedir\" aria-label=\"Read more about Eyibsiz G\u00f6z\u0259l Olmaz, Ay \u00dcz\u00fcnd\u0259 d\u0259 L\u0259k\u0259 Var\">Read more<\/a><\/p>\n","protected":false},"author":2,"featured_media":0,"comment_status":"open","ping_status":"open","sticky":false,"template":"","format":"standard","meta":{"footnotes":""},"categories":[1],"tags":[],"class_list":["post-6508","post","type-post","status-publish","format-standard","hentry","category-atalar-sozleri-atalar-sozu"],"aioseo_notices":[],"_links":{"self":[{"href":"https:\/\/nedir.az\/atalar-sozleri\/wp-json\/wp\/v2\/posts\/6508","targetHints":{"allow":["GET"]}}],"collection":[{"href":"https:\/\/nedir.az\/atalar-sozleri\/wp-json\/wp\/v2\/posts"}],"about":[{"href":"https:\/\/nedir.az\/atalar-sozleri\/wp-json\/wp\/v2\/types\/post"}],"author":[{"embeddable":true,"href":"https:\/\/nedir.az\/atalar-sozleri\/wp-json\/wp\/v2\/users\/2"}],"replies":[{"embeddable":true,"href":"https:\/\/nedir.az\/atalar-sozleri\/wp-json\/wp\/v2\/comments?post=6508"}],"version-history":[{"count":0,"href":"https:\/\/nedir.az\/atalar-sozleri\/wp-json\/wp\/v2\/posts\/6508\/revisions"}],"wp:attachment":[{"href":"https:\/\/nedir.az\/atalar-sozleri\/wp-json\/wp\/v2\/media?parent=6508"}],"wp:term":[{"taxonomy":"category","embeddable":true,"href":"https:\/\/nedir.az\/atalar-sozleri\/wp-json\/wp\/v2\/categories?post=6508"},{"taxonomy":"post_tag","embeddable":true,"href":"https:\/\/nedir.az\/atalar-sozleri\/wp-json\/wp\/v2\/tags?post=6508"}],"curies":[{"name":"wp","href":"https:\/\/api.w.org\/{rel}","templated":true}]}}