{"id":6504,"date":"2024-09-06T21:34:19","date_gmt":"2024-09-06T21:34:19","guid":{"rendered":""},"modified":"-0001-11-30T00:00:00","modified_gmt":"-0001-11-29T21:00:00","slug":"eyibli-oz-eybini-bilse-basina-kilim-orter","status":"publish","type":"post","link":"https:\/\/nedir.az\/atalar-sozleri\/eyibli-oz-eybini-bilse-basina-kilim-orter-atalar-sozunun-menasi-nedir","title":{"rendered":"Eyibli \u00d6z Eybini Bils\u0259, Ba\u015f\u0131na Kilim \u00d6rt\u0259r"},"content":{"rendered":"<p>&#8220;eyibli \u00f6z eybini bils\u0259, ba\u015f\u0131na kilim \u00f6rt\u0259r&#8221; atalar s\u00f6z\u00fc, insan\u0131n \u00f6z \u00e7at\u0131\u015fmazl\u0131qlar\u0131n\u0131, q\u00fcsurlar\u0131n\u0131 d\u0259rk etm\u0259sinin v\u0259 onlar\u0131 gizl\u0259tm\u0259k \u00fc\u00e7\u00fcn t\u0259dbir g\u00f6rm\u0259sinin vacibliyini vur\u011fulay\u0131r. Bu s\u00f6z, insan\u0131n \u00f6z z\u0259iflikl\u0259rini q\u0259bul etm\u0259sinin, onlar\u0131 gizl\u0259tm\u0259k \u00fc\u00e7\u00fcn \u00e7al\u0131\u015fmas\u0131n\u0131n v\u0259 ba\u015fqalar\u0131n\u0131n g\u00f6z\u00fcnd\u0259 daha yax\u015f\u0131 g\u00f6r\u00fcnm\u0259k \u00fc\u00e7\u00fcn s\u0259y g\u00f6st\u0259rm\u0259sinin \u0259h\u0259miyy\u0259tini bildirir. Eyni zamanda, \u00f6z eybini bil\u0259n insan\u0131n daha m\u00fcdrik v\u0259 d\u00fc\u015f\u00fcnc\u0259li oldu\u011funu da ifad\u0259 edir.<\/p>\n<p><b>Q\u0131sa M\u0259nas\u0131<\/b><br \/> \u00d6z \u00e7at\u0131\u015fmazl\u0131qlar\u0131n\u0131 bil\u0259n insan, onlar\u0131 gizl\u0259tm\u0259k \u00fc\u00e7\u00fcn t\u0259dbir g\u00f6r\u0259r.<\/p>\n","protected":false},"excerpt":{"rendered":"<p>&#8220;eyibli \u00f6z eybini bils\u0259, ba\u015f\u0131na kilim \u00f6rt\u0259r&#8221; atalar s\u00f6z\u00fc, insan\u0131n \u00f6z \u00e7at\u0131\u015fmazl\u0131qlar\u0131n\u0131, q\u00fcsurlar\u0131n\u0131 d\u0259rk etm\u0259sinin v\u0259 onlar\u0131 gizl\u0259tm\u0259k \u00fc\u00e7\u00fcn t\u0259dbir g\u00f6rm\u0259sinin vacibliyini vur\u011fulay\u0131r. Bu s\u00f6z, insan\u0131n \u00f6z z\u0259iflikl\u0259rini q\u0259bul etm\u0259sinin, onlar\u0131 gizl\u0259tm\u0259k \u00fc\u00e7\u00fcn \u00e7al\u0131\u015fmas\u0131n\u0131n v\u0259 ba\u015fqalar\u0131n\u0131n g\u00f6z\u00fcnd\u0259 daha yax\u015f\u0131 g\u00f6r\u00fcnm\u0259k \u00fc\u00e7\u00fcn s\u0259y g\u00f6st\u0259rm\u0259sinin \u0259h\u0259miyy\u0259tini bildirir. Eyni zamanda, \u00f6z eybini bil\u0259n insan\u0131n daha m\u00fcdrik v\u0259 d\u00fc\u015f\u00fcnc\u0259li &#8230; <a title=\"Eyibli \u00d6z Eybini Bils\u0259, Ba\u015f\u0131na Kilim \u00d6rt\u0259r\" class=\"read-more\" href=\"https:\/\/nedir.az\/atalar-sozleri\/eyibli-oz-eybini-bilse-basina-kilim-orter-atalar-sozunun-menasi-nedir\" aria-label=\"Read more about Eyibli \u00d6z Eybini Bils\u0259, Ba\u015f\u0131na Kilim \u00d6rt\u0259r\">Read more<\/a><\/p>\n","protected":false},"author":2,"featured_media":0,"comment_status":"open","ping_status":"open","sticky":false,"template":"","format":"standard","meta":{"footnotes":""},"categories":[1],"tags":[],"class_list":["post-6504","post","type-post","status-publish","format-standard","hentry","category-atalar-sozleri-atalar-sozu"],"aioseo_notices":[],"_links":{"self":[{"href":"https:\/\/nedir.az\/atalar-sozleri\/wp-json\/wp\/v2\/posts\/6504","targetHints":{"allow":["GET"]}}],"collection":[{"href":"https:\/\/nedir.az\/atalar-sozleri\/wp-json\/wp\/v2\/posts"}],"about":[{"href":"https:\/\/nedir.az\/atalar-sozleri\/wp-json\/wp\/v2\/types\/post"}],"author":[{"embeddable":true,"href":"https:\/\/nedir.az\/atalar-sozleri\/wp-json\/wp\/v2\/users\/2"}],"replies":[{"embeddable":true,"href":"https:\/\/nedir.az\/atalar-sozleri\/wp-json\/wp\/v2\/comments?post=6504"}],"version-history":[{"count":0,"href":"https:\/\/nedir.az\/atalar-sozleri\/wp-json\/wp\/v2\/posts\/6504\/revisions"}],"wp:attachment":[{"href":"https:\/\/nedir.az\/atalar-sozleri\/wp-json\/wp\/v2\/media?parent=6504"}],"wp:term":[{"taxonomy":"category","embeddable":true,"href":"https:\/\/nedir.az\/atalar-sozleri\/wp-json\/wp\/v2\/categories?post=6504"},{"taxonomy":"post_tag","embeddable":true,"href":"https:\/\/nedir.az\/atalar-sozleri\/wp-json\/wp\/v2\/tags?post=6504"}],"curies":[{"name":"wp","href":"https:\/\/api.w.org\/{rel}","templated":true}]}}