{"id":6503,"date":"2024-09-06T21:34:19","date_gmt":"2024-09-06T21:34:19","guid":{"rendered":""},"modified":"-0001-11-30T00:00:00","modified_gmt":"-0001-11-29T21:00:00","slug":"eyibli-eybini-bilse-basina-palaz-buruyer","status":"publish","type":"post","link":"https:\/\/nedir.az\/atalar-sozleri\/eyibli-eybini-bilse-basina-palaz-buruyer-atalar-sozunun-menasi-nedir","title":{"rendered":"Eyibli Eybini Bils\u0259, Ba\u015f\u0131na Palaz B\u00fcr\u00fcy\u0259r"},"content":{"rendered":"<p>&#8220;eyibli eybini bils\u0259, ba\u015f\u0131na palaz b\u00fcr\u00fcy\u0259r&#8221; atalar s\u00f6z\u00fc, insan\u0131n \u00f6z \u00e7at\u0131\u015fmazl\u0131qlar\u0131n\u0131, eyibl\u0259rini d\u0259rk etm\u0259sinin v\u0259 onlarla bar\u0131\u015fmas\u0131n\u0131n vacibliyini vur\u011fulay\u0131r. Bu s\u00f6z, insan\u0131n \u00f6z z\u0259iflikl\u0259rini q\u0259bul etm\u0259si v\u0259 onlarla m\u00fcbariz\u0259 aparmas\u0131 laz\u0131m oldu\u011funu bildirir. Eyni zamanda, \u00f6z eyibl\u0259rini gizl\u0259tm\u0259y\u0259 \u00e7al\u0131\u015fman\u0131n, onlar\u0131 inkar etm\u0259nin, daha b\u00f6y\u00fck probleml\u0259r\u0259 yol a\u00e7aca\u011f\u0131n\u0131 da ifad\u0259 edir. Y\u0259ni, insan \u00f6z eyibl\u0259rini bils\u0259, onlar\u0131 d\u00fcz\u0259ltm\u0259k \u00fc\u00e7\u00fcn add\u0131mlar ata bil\u0259r v\u0259 bu, onun h\u0259yat\u0131nda m\u00fcsb\u0259t d\u0259yi\u015fiklikl\u0259r\u0259 s\u0259b\u0259b ola bil\u0259r.<\/p>\n<p><b>Q\u0131sa M\u0259nas\u0131<\/b><br \/> \u00d6z eyibl\u0259rini bilm\u0259k v\u0259 q\u0259bul etm\u0259k, insan\u0131n inki\u015faf\u0131 \u00fc\u00e7\u00fcn vacibdir.<\/p>\n","protected":false},"excerpt":{"rendered":"<p>&#8220;eyibli eybini bils\u0259, ba\u015f\u0131na palaz b\u00fcr\u00fcy\u0259r&#8221; atalar s\u00f6z\u00fc, insan\u0131n \u00f6z \u00e7at\u0131\u015fmazl\u0131qlar\u0131n\u0131, eyibl\u0259rini d\u0259rk etm\u0259sinin v\u0259 onlarla bar\u0131\u015fmas\u0131n\u0131n vacibliyini vur\u011fulay\u0131r. Bu s\u00f6z, insan\u0131n \u00f6z z\u0259iflikl\u0259rini q\u0259bul etm\u0259si v\u0259 onlarla m\u00fcbariz\u0259 aparmas\u0131 laz\u0131m oldu\u011funu bildirir. Eyni zamanda, \u00f6z eyibl\u0259rini gizl\u0259tm\u0259y\u0259 \u00e7al\u0131\u015fman\u0131n, onlar\u0131 inkar etm\u0259nin, daha b\u00f6y\u00fck probleml\u0259r\u0259 yol a\u00e7aca\u011f\u0131n\u0131 da ifad\u0259 edir. Y\u0259ni, insan \u00f6z eyibl\u0259rini bils\u0259, &#8230; <a title=\"Eyibli Eybini Bils\u0259, Ba\u015f\u0131na Palaz B\u00fcr\u00fcy\u0259r\" class=\"read-more\" href=\"https:\/\/nedir.az\/atalar-sozleri\/eyibli-eybini-bilse-basina-palaz-buruyer-atalar-sozunun-menasi-nedir\" aria-label=\"Read more about Eyibli Eybini Bils\u0259, Ba\u015f\u0131na Palaz B\u00fcr\u00fcy\u0259r\">Read more<\/a><\/p>\n","protected":false},"author":2,"featured_media":0,"comment_status":"open","ping_status":"open","sticky":false,"template":"","format":"standard","meta":{"footnotes":""},"categories":[1],"tags":[],"class_list":["post-6503","post","type-post","status-publish","format-standard","hentry","category-atalar-sozleri-atalar-sozu"],"aioseo_notices":[],"_links":{"self":[{"href":"https:\/\/nedir.az\/atalar-sozleri\/wp-json\/wp\/v2\/posts\/6503","targetHints":{"allow":["GET"]}}],"collection":[{"href":"https:\/\/nedir.az\/atalar-sozleri\/wp-json\/wp\/v2\/posts"}],"about":[{"href":"https:\/\/nedir.az\/atalar-sozleri\/wp-json\/wp\/v2\/types\/post"}],"author":[{"embeddable":true,"href":"https:\/\/nedir.az\/atalar-sozleri\/wp-json\/wp\/v2\/users\/2"}],"replies":[{"embeddable":true,"href":"https:\/\/nedir.az\/atalar-sozleri\/wp-json\/wp\/v2\/comments?post=6503"}],"version-history":[{"count":0,"href":"https:\/\/nedir.az\/atalar-sozleri\/wp-json\/wp\/v2\/posts\/6503\/revisions"}],"wp:attachment":[{"href":"https:\/\/nedir.az\/atalar-sozleri\/wp-json\/wp\/v2\/media?parent=6503"}],"wp:term":[{"taxonomy":"category","embeddable":true,"href":"https:\/\/nedir.az\/atalar-sozleri\/wp-json\/wp\/v2\/categories?post=6503"},{"taxonomy":"post_tag","embeddable":true,"href":"https:\/\/nedir.az\/atalar-sozleri\/wp-json\/wp\/v2\/tags?post=6503"}],"curies":[{"name":"wp","href":"https:\/\/api.w.org\/{rel}","templated":true}]}}