{"id":6499,"date":"2024-09-06T21:34:19","date_gmt":"2024-09-06T21:34:19","guid":{"rendered":""},"modified":"-0001-11-30T00:00:00","modified_gmt":"-0001-11-29T21:00:00","slug":"eybini-bilen-ozgeye-eyib-eylemez","status":"publish","type":"post","link":"https:\/\/nedir.az\/atalar-sozleri\/eybini-bilen-ozgeye-eyib-eylemez-atalar-sozunun-menasi-nedir","title":{"rendered":"Eybini Bil\u0259n, \u00d6zg\u0259y\u0259 Eyib Eyl\u0259m\u0259z"},"content":{"rendered":"<p>&#8220;eybini bil\u0259n, \u00f6zg\u0259y\u0259 eyib eyl\u0259m\u0259z&#8221; atalar s\u00f6z\u00fcn\u00fcn m\u0259nas\u0131, insan\u0131n \u00f6z \u00e7at\u0131\u015fmazl\u0131qlar\u0131n\u0131, s\u0259hvl\u0259rini q\u0259bul etm\u0259si v\u0259 ba\u015fqalar\u0131n\u0131n da eyni \u015f\u0259kild\u0259 s\u0259hv ed\u0259 bil\u0259c\u0259yini anlama\u011f\u0131 vur\u011fulay\u0131r. Bu s\u00f6z, insanlara \u00f6zl\u0259rini t\u0259nqid etm\u0259yi, ba\u015fqalar\u0131n\u0131 m\u00fchakim\u0259 etm\u0259d\u0259n \u0259vv\u0259l \u00f6z davran\u0131\u015flar\u0131n\u0131 d\u00fc\u015f\u00fcnm\u0259yi t\u00f6vsiy\u0259 edir. Y\u0259ni, \u00f6z eyibl\u0259rini bil\u0259n bir insan, ba\u015fqalar\u0131n\u0131n eyibl\u0259rin\u0259 qar\u015f\u0131 daha anlay\u0131\u015fl\u0131 v\u0259 tolerant olur. Bu atalar s\u00f6z\u00fc, empati v\u0259 \u00f6z\u00fcn\u00fc inki\u015faf etm\u0259nin \u0259h\u0259miyy\u0259tini \u00f6n plana \u00e7\u0131xar\u0131r.<\/p>\n<p><b>Q\u0131sa M\u0259nas\u0131<\/b><br \/> \u00d6z eyibl\u0259rini bil\u0259n insan, ba\u015fqalar\u0131n\u0131n eyibl\u0259rin\u0259 qar\u015f\u0131 daha anlay\u0131\u015fl\u0131d\u0131r.<\/p>\n","protected":false},"excerpt":{"rendered":"<p>&#8220;eybini bil\u0259n, \u00f6zg\u0259y\u0259 eyib eyl\u0259m\u0259z&#8221; atalar s\u00f6z\u00fcn\u00fcn m\u0259nas\u0131, insan\u0131n \u00f6z \u00e7at\u0131\u015fmazl\u0131qlar\u0131n\u0131, s\u0259hvl\u0259rini q\u0259bul etm\u0259si v\u0259 ba\u015fqalar\u0131n\u0131n da eyni \u015f\u0259kild\u0259 s\u0259hv ed\u0259 bil\u0259c\u0259yini anlama\u011f\u0131 vur\u011fulay\u0131r. Bu s\u00f6z, insanlara \u00f6zl\u0259rini t\u0259nqid etm\u0259yi, ba\u015fqalar\u0131n\u0131 m\u00fchakim\u0259 etm\u0259d\u0259n \u0259vv\u0259l \u00f6z davran\u0131\u015flar\u0131n\u0131 d\u00fc\u015f\u00fcnm\u0259yi t\u00f6vsiy\u0259 edir. Y\u0259ni, \u00f6z eyibl\u0259rini bil\u0259n bir insan, ba\u015fqalar\u0131n\u0131n eyibl\u0259rin\u0259 qar\u015f\u0131 daha anlay\u0131\u015fl\u0131 v\u0259 tolerant olur. Bu atalar &#8230; <a title=\"Eybini Bil\u0259n, \u00d6zg\u0259y\u0259 Eyib Eyl\u0259m\u0259z\" class=\"read-more\" href=\"https:\/\/nedir.az\/atalar-sozleri\/eybini-bilen-ozgeye-eyib-eylemez-atalar-sozunun-menasi-nedir\" aria-label=\"Read more about Eybini Bil\u0259n, \u00d6zg\u0259y\u0259 Eyib Eyl\u0259m\u0259z\">Read more<\/a><\/p>\n","protected":false},"author":2,"featured_media":0,"comment_status":"open","ping_status":"open","sticky":false,"template":"","format":"standard","meta":{"footnotes":""},"categories":[1],"tags":[],"class_list":["post-6499","post","type-post","status-publish","format-standard","hentry","category-atalar-sozleri-atalar-sozu"],"aioseo_notices":[],"_links":{"self":[{"href":"https:\/\/nedir.az\/atalar-sozleri\/wp-json\/wp\/v2\/posts\/6499","targetHints":{"allow":["GET"]}}],"collection":[{"href":"https:\/\/nedir.az\/atalar-sozleri\/wp-json\/wp\/v2\/posts"}],"about":[{"href":"https:\/\/nedir.az\/atalar-sozleri\/wp-json\/wp\/v2\/types\/post"}],"author":[{"embeddable":true,"href":"https:\/\/nedir.az\/atalar-sozleri\/wp-json\/wp\/v2\/users\/2"}],"replies":[{"embeddable":true,"href":"https:\/\/nedir.az\/atalar-sozleri\/wp-json\/wp\/v2\/comments?post=6499"}],"version-history":[{"count":0,"href":"https:\/\/nedir.az\/atalar-sozleri\/wp-json\/wp\/v2\/posts\/6499\/revisions"}],"wp:attachment":[{"href":"https:\/\/nedir.az\/atalar-sozleri\/wp-json\/wp\/v2\/media?parent=6499"}],"wp:term":[{"taxonomy":"category","embeddable":true,"href":"https:\/\/nedir.az\/atalar-sozleri\/wp-json\/wp\/v2\/categories?post=6499"},{"taxonomy":"post_tag","embeddable":true,"href":"https:\/\/nedir.az\/atalar-sozleri\/wp-json\/wp\/v2\/tags?post=6499"}],"curies":[{"name":"wp","href":"https:\/\/api.w.org\/{rel}","templated":true}]}}