{"id":6497,"date":"2024-09-06T21:34:19","date_gmt":"2024-09-06T21:34:19","guid":{"rendered":""},"modified":"-0001-11-30T00:00:00","modified_gmt":"-0001-11-29T21:00:00","slug":"ey-yar-gel-bagrimi-yar-gor-icinde-neler-var","status":"publish","type":"post","link":"https:\/\/nedir.az\/atalar-sozleri\/ey-yar-gel-bagrimi-yar-gor-icinde-neler-var-atalar-sozunun-menasi-nedir","title":{"rendered":"Ey Yar, G\u0259l Ba\u011fr\u0131m\u0131 Yar, G\u00f6r I\u00e7ind\u0259 N\u0259l\u0259r Var"},"content":{"rendered":"<p>&#8220;ey yar, g\u0259l ba\u011fr\u0131m\u0131 yar, g\u00f6r i\u00e7ind\u0259 n\u0259l\u0259r var&#8221; atalar s\u00f6z\u00fc, insan\u0131n i\u00e7 d\u00fcnyas\u0131n\u0131, duy\u011fular\u0131n\u0131 v\u0259 hissl\u0259rini ba\u015fqalar\u0131na a\u00e7maq, payla\u015fmaq ist\u0259diyini ifad\u0259 edir. Bu s\u00f6z, bir insan\u0131n \u00f6z\u00fcn\u00fc ba\u015fqalar\u0131na tan\u0131tmaq, onlara \u00f6z d\u0259rin d\u00fc\u015f\u00fcnc\u0259l\u0259rini v\u0259 hissl\u0259rini izah etm\u0259k arzusunu simvoliz\u0259 edir. H\u0259m\u00e7inin, bu atalar s\u00f6z\u00fc, insan\u0131n ba\u015fqalar\u0131 il\u0259 daha d\u0259rin bir \u0259laq\u0259 qurma ist\u0259yini, \u00f6z\u00fcn\u00fc a\u00e7ma\u011f\u0131 v\u0259 ba\u015fqalar\u0131n\u0131n da onu anlamaq \u00fc\u00e7\u00fcn yax\u0131nla\u015fmas\u0131n\u0131 t\u0259\u015fviq edir.<\/p>\n<p><b>Q\u0131sa M\u0259nas\u0131<\/b><br \/>Bu atalar s\u00f6z\u00fc, insan\u0131n i\u00e7 d\u00fcnyas\u0131n\u0131 payla\u015fma arzusunu ifad\u0259 edir.<\/p>\n","protected":false},"excerpt":{"rendered":"<p>&#8220;ey yar, g\u0259l ba\u011fr\u0131m\u0131 yar, g\u00f6r i\u00e7ind\u0259 n\u0259l\u0259r var&#8221; atalar s\u00f6z\u00fc, insan\u0131n i\u00e7 d\u00fcnyas\u0131n\u0131, duy\u011fular\u0131n\u0131 v\u0259 hissl\u0259rini ba\u015fqalar\u0131na a\u00e7maq, payla\u015fmaq ist\u0259diyini ifad\u0259 edir. Bu s\u00f6z, bir insan\u0131n \u00f6z\u00fcn\u00fc ba\u015fqalar\u0131na tan\u0131tmaq, onlara \u00f6z d\u0259rin d\u00fc\u015f\u00fcnc\u0259l\u0259rini v\u0259 hissl\u0259rini izah etm\u0259k arzusunu simvoliz\u0259 edir. H\u0259m\u00e7inin, bu atalar s\u00f6z\u00fc, insan\u0131n ba\u015fqalar\u0131 il\u0259 daha d\u0259rin bir \u0259laq\u0259 qurma ist\u0259yini, \u00f6z\u00fcn\u00fc &#8230; <a title=\"Ey Yar, G\u0259l Ba\u011fr\u0131m\u0131 Yar, G\u00f6r I\u00e7ind\u0259 N\u0259l\u0259r Var\" class=\"read-more\" href=\"https:\/\/nedir.az\/atalar-sozleri\/ey-yar-gel-bagrimi-yar-gor-icinde-neler-var-atalar-sozunun-menasi-nedir\" aria-label=\"Read more about Ey Yar, G\u0259l Ba\u011fr\u0131m\u0131 Yar, G\u00f6r I\u00e7ind\u0259 N\u0259l\u0259r Var\">Read more<\/a><\/p>\n","protected":false},"author":2,"featured_media":0,"comment_status":"open","ping_status":"open","sticky":false,"template":"","format":"standard","meta":{"footnotes":""},"categories":[1],"tags":[],"class_list":["post-6497","post","type-post","status-publish","format-standard","hentry","category-atalar-sozleri-atalar-sozu"],"aioseo_notices":[],"_links":{"self":[{"href":"https:\/\/nedir.az\/atalar-sozleri\/wp-json\/wp\/v2\/posts\/6497","targetHints":{"allow":["GET"]}}],"collection":[{"href":"https:\/\/nedir.az\/atalar-sozleri\/wp-json\/wp\/v2\/posts"}],"about":[{"href":"https:\/\/nedir.az\/atalar-sozleri\/wp-json\/wp\/v2\/types\/post"}],"author":[{"embeddable":true,"href":"https:\/\/nedir.az\/atalar-sozleri\/wp-json\/wp\/v2\/users\/2"}],"replies":[{"embeddable":true,"href":"https:\/\/nedir.az\/atalar-sozleri\/wp-json\/wp\/v2\/comments?post=6497"}],"version-history":[{"count":0,"href":"https:\/\/nedir.az\/atalar-sozleri\/wp-json\/wp\/v2\/posts\/6497\/revisions"}],"wp:attachment":[{"href":"https:\/\/nedir.az\/atalar-sozleri\/wp-json\/wp\/v2\/media?parent=6497"}],"wp:term":[{"taxonomy":"category","embeddable":true,"href":"https:\/\/nedir.az\/atalar-sozleri\/wp-json\/wp\/v2\/categories?post=6497"},{"taxonomy":"post_tag","embeddable":true,"href":"https:\/\/nedir.az\/atalar-sozleri\/wp-json\/wp\/v2\/tags?post=6497"}],"curies":[{"name":"wp","href":"https:\/\/api.w.org\/{rel}","templated":true}]}}