{"id":6496,"date":"2024-09-06T21:34:19","date_gmt":"2024-09-06T21:34:19","guid":{"rendered":""},"modified":"-0001-11-30T00:00:00","modified_gmt":"-0001-11-29T21:00:00","slug":"ey-ozu-ozunu-beyenmis-qoy-seni-el-beyensin","status":"publish","type":"post","link":"https:\/\/nedir.az\/atalar-sozleri\/ey-ozu-ozunu-beyenmis-qoy-seni-el-beyensin-atalar-sozunun-menasi-nedir","title":{"rendered":"Ey \u00d6z\u00fc-\u00f6z\u00fcn\u00fc B\u0259y\u0259nmi\u015f, Qoy S\u0259ni El B\u0259y\u0259nsin"},"content":{"rendered":"<p>&#8220;ey \u00f6z\u00fc-\u00f6z\u00fcn\u00fc b\u0259y\u0259nmi\u015f, qoy s\u0259ni el b\u0259y\u0259nsin&#8221; atalar s\u00f6z\u00fc, insan\u0131n \u00f6z\u00fcn\u00fc ba\u015fqalar\u0131ndan \u00fcst\u00fcn tutmas\u0131n\u0131n, \u00f6z\u00fcn\u00fc b\u0259y\u0259nm\u0259sinin v\u0259 t\u0259rifl\u0259m\u0259sinin m\u0259nas\u0131z oldu\u011funu vur\u011fulay\u0131r. Bu s\u00f6z, insan\u0131n \u00f6z d\u0259y\u0259rini ba\u015fqalar\u0131n\u0131n qiym\u0259tl\u0259ndirm\u0259si il\u0259 \u00f6l\u00e7m\u0259sinin vacibliyini ifad\u0259 edir. Y\u0259ni, bir insan\u0131n \u00f6z\u00fcn\u00fc b\u0259y\u0259nm\u0259si kifay\u0259t deyil, \u0259trafdak\u0131lar\u0131n da onu b\u0259y\u0259nm\u0259si laz\u0131md\u0131r. Bu atalar s\u00f6z\u00fc, insanlara \u00f6zl\u0259rini t\u0259nqid etm\u0259yi, ba\u015fqalar\u0131n\u0131n fikirl\u0259rini \u00f6n\u0259ms\u0259m\u0259yi v\u0259 m\u00fcsb\u0259t m\u00fcnasib\u0259tl\u0259r qurma\u011f\u0131 t\u00f6vsiy\u0259 edir.<\/p>\n<p><b>Q\u0131sa M\u0259nas\u0131<\/b><br \/> \u00d6z\u00fcn\u00fc b\u0259y\u0259nm\u0259k kifay\u0259t deyil, ba\u015fqalar\u0131n\u0131n da qiym\u0259tl\u0259ndirm\u0259si vacibdir.<\/p>\n","protected":false},"excerpt":{"rendered":"<p>&#8220;ey \u00f6z\u00fc-\u00f6z\u00fcn\u00fc b\u0259y\u0259nmi\u015f, qoy s\u0259ni el b\u0259y\u0259nsin&#8221; atalar s\u00f6z\u00fc, insan\u0131n \u00f6z\u00fcn\u00fc ba\u015fqalar\u0131ndan \u00fcst\u00fcn tutmas\u0131n\u0131n, \u00f6z\u00fcn\u00fc b\u0259y\u0259nm\u0259sinin v\u0259 t\u0259rifl\u0259m\u0259sinin m\u0259nas\u0131z oldu\u011funu vur\u011fulay\u0131r. Bu s\u00f6z, insan\u0131n \u00f6z d\u0259y\u0259rini ba\u015fqalar\u0131n\u0131n qiym\u0259tl\u0259ndirm\u0259si il\u0259 \u00f6l\u00e7m\u0259sinin vacibliyini ifad\u0259 edir. Y\u0259ni, bir insan\u0131n \u00f6z\u00fcn\u00fc b\u0259y\u0259nm\u0259si kifay\u0259t deyil, \u0259trafdak\u0131lar\u0131n da onu b\u0259y\u0259nm\u0259si laz\u0131md\u0131r. Bu atalar s\u00f6z\u00fc, insanlara \u00f6zl\u0259rini t\u0259nqid etm\u0259yi, ba\u015fqalar\u0131n\u0131n fikirl\u0259rini \u00f6n\u0259ms\u0259m\u0259yi &#8230; <a title=\"Ey \u00d6z\u00fc-\u00f6z\u00fcn\u00fc B\u0259y\u0259nmi\u015f, Qoy S\u0259ni El B\u0259y\u0259nsin\" class=\"read-more\" href=\"https:\/\/nedir.az\/atalar-sozleri\/ey-ozu-ozunu-beyenmis-qoy-seni-el-beyensin-atalar-sozunun-menasi-nedir\" aria-label=\"Read more about Ey \u00d6z\u00fc-\u00f6z\u00fcn\u00fc B\u0259y\u0259nmi\u015f, Qoy S\u0259ni El B\u0259y\u0259nsin\">Read more<\/a><\/p>\n","protected":false},"author":2,"featured_media":0,"comment_status":"open","ping_status":"open","sticky":false,"template":"","format":"standard","meta":{"footnotes":""},"categories":[1],"tags":[],"class_list":["post-6496","post","type-post","status-publish","format-standard","hentry","category-atalar-sozleri-atalar-sozu"],"aioseo_notices":[],"_links":{"self":[{"href":"https:\/\/nedir.az\/atalar-sozleri\/wp-json\/wp\/v2\/posts\/6496","targetHints":{"allow":["GET"]}}],"collection":[{"href":"https:\/\/nedir.az\/atalar-sozleri\/wp-json\/wp\/v2\/posts"}],"about":[{"href":"https:\/\/nedir.az\/atalar-sozleri\/wp-json\/wp\/v2\/types\/post"}],"author":[{"embeddable":true,"href":"https:\/\/nedir.az\/atalar-sozleri\/wp-json\/wp\/v2\/users\/2"}],"replies":[{"embeddable":true,"href":"https:\/\/nedir.az\/atalar-sozleri\/wp-json\/wp\/v2\/comments?post=6496"}],"version-history":[{"count":0,"href":"https:\/\/nedir.az\/atalar-sozleri\/wp-json\/wp\/v2\/posts\/6496\/revisions"}],"wp:attachment":[{"href":"https:\/\/nedir.az\/atalar-sozleri\/wp-json\/wp\/v2\/media?parent=6496"}],"wp:term":[{"taxonomy":"category","embeddable":true,"href":"https:\/\/nedir.az\/atalar-sozleri\/wp-json\/wp\/v2\/categories?post=6496"},{"taxonomy":"post_tag","embeddable":true,"href":"https:\/\/nedir.az\/atalar-sozleri\/wp-json\/wp\/v2\/tags?post=6496"}],"curies":[{"name":"wp","href":"https:\/\/api.w.org\/{rel}","templated":true}]}}