{"id":6494,"date":"2024-09-06T21:34:19","date_gmt":"2024-09-06T21:34:19","guid":{"rendered":""},"modified":"-0001-11-30T00:00:00","modified_gmt":"-0001-11-29T21:00:00","slug":"ey-emmame-gor-qayis-ne-cekir","status":"publish","type":"post","link":"https:\/\/nedir.az\/atalar-sozleri\/ey-emmame-gor-qayis-ne-cekir-atalar-sozunun-menasi-nedir","title":{"rendered":"Ey \u018fmmam\u0259, G\u00f6r Qay\u0131\u015f N\u0259 \u00c7\u0259kir?"},"content":{"rendered":"<p>&#8220;ey \u0259mmam\u0259, g\u00f6r qay\u0131\u015f n\u0259 \u00e7\u0259kir?&#8221; atalar s\u00f6z\u00fcn\u00fcn m\u0259nas\u0131, bir insan\u0131n ba\u015fqalar\u0131n\u0131n i\u015fl\u0259rin\u0259, \u00e7\u0259tinlikl\u0259rin\u0259 v\u0259 ya probleml\u0259rin\u0259 diqq\u0259t yetirm\u0259si, onlar\u0131n v\u0259ziyy\u0259tini anlamas\u0131 v\u0259 ya onlara k\u00f6m\u0259k etm\u0259si laz\u0131m oldu\u011funu ifad\u0259 edir. Bu atalar s\u00f6z\u00fc, b\u0259z\u0259n insanlar\u0131n \u00f6z probleml\u0259rini unudaraq, ba\u015fqalar\u0131n\u0131n \u00e7\u0259tinlikl\u0259rin\u0259 diqq\u0259t yetirm\u0259l\u0259rinin vacibliyini vur\u011fulay\u0131r. Y\u0259ni, insan\u0131n \u00f6z \u00e7\u0259tinlikl\u0259ri il\u0259 yana\u015f\u0131, \u0259traf\u0131ndak\u0131lar\u0131n da v\u0259ziyy\u0259tini d\u00fc\u015f\u00fcnm\u0259si g\u0259r\u0259kdiyini bildirir.<\/p>\n<p><b>Q\u0131sa M\u0259nas\u0131<\/b><br \/> Ba\u015fqalar\u0131n\u0131n \u00e7\u0259tinlikl\u0259rin\u0259 diqq\u0259t yetirm\u0259k v\u0259 onlara k\u00f6m\u0259k etm\u0259k vacibdir.<\/p>\n","protected":false},"excerpt":{"rendered":"<p>&#8220;ey \u0259mmam\u0259, g\u00f6r qay\u0131\u015f n\u0259 \u00e7\u0259kir?&#8221; atalar s\u00f6z\u00fcn\u00fcn m\u0259nas\u0131, bir insan\u0131n ba\u015fqalar\u0131n\u0131n i\u015fl\u0259rin\u0259, \u00e7\u0259tinlikl\u0259rin\u0259 v\u0259 ya probleml\u0259rin\u0259 diqq\u0259t yetirm\u0259si, onlar\u0131n v\u0259ziyy\u0259tini anlamas\u0131 v\u0259 ya onlara k\u00f6m\u0259k etm\u0259si laz\u0131m oldu\u011funu ifad\u0259 edir. Bu atalar s\u00f6z\u00fc, b\u0259z\u0259n insanlar\u0131n \u00f6z probleml\u0259rini unudaraq, ba\u015fqalar\u0131n\u0131n \u00e7\u0259tinlikl\u0259rin\u0259 diqq\u0259t yetirm\u0259l\u0259rinin vacibliyini vur\u011fulay\u0131r. Y\u0259ni, insan\u0131n \u00f6z \u00e7\u0259tinlikl\u0259ri il\u0259 yana\u015f\u0131, \u0259traf\u0131ndak\u0131lar\u0131n da v\u0259ziyy\u0259tini d\u00fc\u015f\u00fcnm\u0259si &#8230; <a title=\"Ey \u018fmmam\u0259, G\u00f6r Qay\u0131\u015f N\u0259 \u00c7\u0259kir?\" class=\"read-more\" href=\"https:\/\/nedir.az\/atalar-sozleri\/ey-emmame-gor-qayis-ne-cekir-atalar-sozunun-menasi-nedir\" aria-label=\"Read more about Ey \u018fmmam\u0259, G\u00f6r Qay\u0131\u015f N\u0259 \u00c7\u0259kir?\">Read more<\/a><\/p>\n","protected":false},"author":2,"featured_media":0,"comment_status":"open","ping_status":"open","sticky":false,"template":"","format":"standard","meta":{"footnotes":""},"categories":[1],"tags":[],"class_list":["post-6494","post","type-post","status-publish","format-standard","hentry","category-atalar-sozleri-atalar-sozu"],"aioseo_notices":[],"_links":{"self":[{"href":"https:\/\/nedir.az\/atalar-sozleri\/wp-json\/wp\/v2\/posts\/6494","targetHints":{"allow":["GET"]}}],"collection":[{"href":"https:\/\/nedir.az\/atalar-sozleri\/wp-json\/wp\/v2\/posts"}],"about":[{"href":"https:\/\/nedir.az\/atalar-sozleri\/wp-json\/wp\/v2\/types\/post"}],"author":[{"embeddable":true,"href":"https:\/\/nedir.az\/atalar-sozleri\/wp-json\/wp\/v2\/users\/2"}],"replies":[{"embeddable":true,"href":"https:\/\/nedir.az\/atalar-sozleri\/wp-json\/wp\/v2\/comments?post=6494"}],"version-history":[{"count":0,"href":"https:\/\/nedir.az\/atalar-sozleri\/wp-json\/wp\/v2\/posts\/6494\/revisions"}],"wp:attachment":[{"href":"https:\/\/nedir.az\/atalar-sozleri\/wp-json\/wp\/v2\/media?parent=6494"}],"wp:term":[{"taxonomy":"category","embeddable":true,"href":"https:\/\/nedir.az\/atalar-sozleri\/wp-json\/wp\/v2\/categories?post=6494"},{"taxonomy":"post_tag","embeddable":true,"href":"https:\/\/nedir.az\/atalar-sozleri\/wp-json\/wp\/v2\/tags?post=6494"}],"curies":[{"name":"wp","href":"https:\/\/api.w.org\/{rel}","templated":true}]}}