{"id":6493,"date":"2024-09-06T21:34:19","date_gmt":"2024-09-06T21:34:19","guid":{"rendered":""},"modified":"-0001-11-30T00:00:00","modified_gmt":"-0001-11-29T21:00:00","slug":"ey-cut-yatan-bextever-demirsen-bir-tek-de-var","status":"publish","type":"post","link":"https:\/\/nedir.az\/atalar-sozleri\/ey-cut-yatan-bextever-demirsen-bir-tek-de-var-atalar-sozunun-menasi-nedir","title":{"rendered":"Ey C\u00fct Yatan B\u0259xt\u0259v\u0259r, Demirs\u0259n Bir T\u0259k d\u0259 Var?!"},"content":{"rendered":"<p>&#8220;ey c\u00fct yatan b\u0259xt\u0259v\u0259r, demirs\u0259n bir t\u0259k d\u0259 var?!&#8221; atalar s\u00f6z\u00fc, insan\u0131n h\u0259yat\u0131nda t\u0259k ba\u015f\u0131na olanlar\u0131n, y\u0259ni yaln\u0131z ya\u015fayanlar\u0131n da b\u0259xtinin g\u0259tir\u0259 bil\u0259c\u0259yini vur\u011fulayan bir ifad\u0259dir. Bu s\u00f6z, c\u00fctl\u00fckd\u0259 olanlar\u0131n b\u0259xtinin daha yax\u015f\u0131 oldu\u011funu d\u00fc\u015f\u00fcn\u0259nl\u0259r\u0259 qar\u015f\u0131 bir ironiya kimi istifad\u0259 edilir. H\u0259m\u00e7inin, insan\u0131n t\u0259k ba\u015f\u0131na da xo\u015fb\u0259xt ola bil\u0259c\u0259yini, c\u00fctl\u00fckd\u0259 olman\u0131n h\u0259r zaman \u00fcst\u00fcnl\u00fck t\u0259\u015fkil etm\u0259diyini g\u00f6st\u0259rir. <\/p>\n<p><b>Q\u0131sa M\u0259nas\u0131<\/b><br \/>Bu atalar s\u00f6z\u00fc, t\u0259k ya\u015fayanlar\u0131n da b\u0259xtinin g\u0259tir\u0259 bil\u0259c\u0259yini, c\u00fctl\u00fckd\u0259 olman\u0131n h\u0259r zaman \u00fcst\u00fcnl\u00fck t\u0259\u015fkil etm\u0259diyini ifad\u0259 edir.<\/p>\n","protected":false},"excerpt":{"rendered":"<p>&#8220;ey c\u00fct yatan b\u0259xt\u0259v\u0259r, demirs\u0259n bir t\u0259k d\u0259 var?!&#8221; atalar s\u00f6z\u00fc, insan\u0131n h\u0259yat\u0131nda t\u0259k ba\u015f\u0131na olanlar\u0131n, y\u0259ni yaln\u0131z ya\u015fayanlar\u0131n da b\u0259xtinin g\u0259tir\u0259 bil\u0259c\u0259yini vur\u011fulayan bir ifad\u0259dir. Bu s\u00f6z, c\u00fctl\u00fckd\u0259 olanlar\u0131n b\u0259xtinin daha yax\u015f\u0131 oldu\u011funu d\u00fc\u015f\u00fcn\u0259nl\u0259r\u0259 qar\u015f\u0131 bir ironiya kimi istifad\u0259 edilir. H\u0259m\u00e7inin, insan\u0131n t\u0259k ba\u015f\u0131na da xo\u015fb\u0259xt ola bil\u0259c\u0259yini, c\u00fctl\u00fckd\u0259 olman\u0131n h\u0259r zaman \u00fcst\u00fcnl\u00fck t\u0259\u015fkil &#8230; <a title=\"Ey C\u00fct Yatan B\u0259xt\u0259v\u0259r, Demirs\u0259n Bir T\u0259k d\u0259 Var?!\" class=\"read-more\" href=\"https:\/\/nedir.az\/atalar-sozleri\/ey-cut-yatan-bextever-demirsen-bir-tek-de-var-atalar-sozunun-menasi-nedir\" aria-label=\"Read more about Ey C\u00fct Yatan B\u0259xt\u0259v\u0259r, Demirs\u0259n Bir T\u0259k d\u0259 Var?!\">Read more<\/a><\/p>\n","protected":false},"author":2,"featured_media":0,"comment_status":"open","ping_status":"open","sticky":false,"template":"","format":"standard","meta":{"footnotes":""},"categories":[1],"tags":[],"class_list":["post-6493","post","type-post","status-publish","format-standard","hentry","category-atalar-sozleri-atalar-sozu"],"aioseo_notices":[],"_links":{"self":[{"href":"https:\/\/nedir.az\/atalar-sozleri\/wp-json\/wp\/v2\/posts\/6493","targetHints":{"allow":["GET"]}}],"collection":[{"href":"https:\/\/nedir.az\/atalar-sozleri\/wp-json\/wp\/v2\/posts"}],"about":[{"href":"https:\/\/nedir.az\/atalar-sozleri\/wp-json\/wp\/v2\/types\/post"}],"author":[{"embeddable":true,"href":"https:\/\/nedir.az\/atalar-sozleri\/wp-json\/wp\/v2\/users\/2"}],"replies":[{"embeddable":true,"href":"https:\/\/nedir.az\/atalar-sozleri\/wp-json\/wp\/v2\/comments?post=6493"}],"version-history":[{"count":0,"href":"https:\/\/nedir.az\/atalar-sozleri\/wp-json\/wp\/v2\/posts\/6493\/revisions"}],"wp:attachment":[{"href":"https:\/\/nedir.az\/atalar-sozleri\/wp-json\/wp\/v2\/media?parent=6493"}],"wp:term":[{"taxonomy":"category","embeddable":true,"href":"https:\/\/nedir.az\/atalar-sozleri\/wp-json\/wp\/v2\/categories?post=6493"},{"taxonomy":"post_tag","embeddable":true,"href":"https:\/\/nedir.az\/atalar-sozleri\/wp-json\/wp\/v2\/tags?post=6493"}],"curies":[{"name":"wp","href":"https:\/\/api.w.org\/{rel}","templated":true}]}}