{"id":6490,"date":"2024-09-06T21:34:18","date_gmt":"2024-09-06T21:34:18","guid":{"rendered":""},"modified":"-0001-11-30T00:00:00","modified_gmt":"-0001-11-29T21:00:00","slug":"evlere-geden-qizin-qulaqlari-kar-dili-lal-gozleri-kor-gerek","status":"publish","type":"post","link":"https:\/\/nedir.az\/atalar-sozleri\/evlere-geden-qizin-qulaqlari-kar-dili-lal-gozleri-kor-gerek-atalar-sozunun-menasi-nedir","title":{"rendered":"Evl\u0259r\u0259 Ged\u0259n Q\u0131z\u0131n: Qulaqlar\u0131 Kar, Dili Lal, G\u00f6zl\u0259ri Kor G\u0259r\u0259k"},"content":{"rendered":"<p>&#8220;evl\u0259r\u0259 ged\u0259n q\u0131z\u0131n: qulaqlar\u0131 kar, dili lal, g\u00f6zl\u0259ri kor g\u0259r\u0259k&#8221; atalar s\u00f6z\u00fc, bir insan\u0131n ba\u015fqalar\u0131n\u0131n s\u00f6zl\u0259rin\u0259, fikirl\u0259rin\u0259 v\u0259 ya \u0259traf\u0131ndak\u0131 hadis\u0259l\u0259r\u0259 laqeyd yana\u015fd\u0131\u011f\u0131n\u0131, onlar\u0131n t\u0259sirind\u0259n uzaq oldu\u011funu ifad\u0259 edir. Bu s\u00f6z, b\u0259z\u0259n insan\u0131n \u00f6z d\u00fc\u015f\u00fcnc\u0259l\u0259rin\u0259, hissl\u0259rin\u0259 v\u0259 ya m\u0259qs\u0259dl\u0259rin\u0259 fokusland\u0131\u011f\u0131n\u0131, lakin \u0259trafdak\u0131lar\u0131n ona n\u0259 dediyin\u0259 v\u0259 ya n\u0259 ba\u015f verdiyin\u0259 diqq\u0259t etm\u0259diyini vur\u011fulamaq \u00fc\u00e7\u00fcn istifad\u0259 olunur. Bu atalar s\u00f6z\u00fc, insan\u0131n \u00f6z yolunu se\u00e7m\u0259si, ba\u015fqalar\u0131n\u0131n t\u0259sirind\u0259n uzaq durmas\u0131 v\u0259 \u00f6z q\u0259rarlar\u0131n\u0131 verm\u0259si laz\u0131m oldu\u011funu bildirir.<\/p>\n<p><b>Q\u0131sa M\u0259nas\u0131<\/b><br \/> Bu atalar s\u00f6z\u00fc, insan\u0131n ba\u015fqalar\u0131n\u0131n fikirl\u0259rin\u0259 laqeyd qalmas\u0131n\u0131 v\u0259 \u00f6z yolunu se\u00e7m\u0259sini ifad\u0259 edir.<\/p>\n","protected":false},"excerpt":{"rendered":"<p>&#8220;evl\u0259r\u0259 ged\u0259n q\u0131z\u0131n: qulaqlar\u0131 kar, dili lal, g\u00f6zl\u0259ri kor g\u0259r\u0259k&#8221; atalar s\u00f6z\u00fc, bir insan\u0131n ba\u015fqalar\u0131n\u0131n s\u00f6zl\u0259rin\u0259, fikirl\u0259rin\u0259 v\u0259 ya \u0259traf\u0131ndak\u0131 hadis\u0259l\u0259r\u0259 laqeyd yana\u015fd\u0131\u011f\u0131n\u0131, onlar\u0131n t\u0259sirind\u0259n uzaq oldu\u011funu ifad\u0259 edir. Bu s\u00f6z, b\u0259z\u0259n insan\u0131n \u00f6z d\u00fc\u015f\u00fcnc\u0259l\u0259rin\u0259, hissl\u0259rin\u0259 v\u0259 ya m\u0259qs\u0259dl\u0259rin\u0259 fokusland\u0131\u011f\u0131n\u0131, lakin \u0259trafdak\u0131lar\u0131n ona n\u0259 dediyin\u0259 v\u0259 ya n\u0259 ba\u015f verdiyin\u0259 diqq\u0259t etm\u0259diyini vur\u011fulamaq \u00fc\u00e7\u00fcn istifad\u0259 &#8230; <a title=\"Evl\u0259r\u0259 Ged\u0259n Q\u0131z\u0131n: Qulaqlar\u0131 Kar, Dili Lal, G\u00f6zl\u0259ri Kor G\u0259r\u0259k\" class=\"read-more\" href=\"https:\/\/nedir.az\/atalar-sozleri\/evlere-geden-qizin-qulaqlari-kar-dili-lal-gozleri-kor-gerek-atalar-sozunun-menasi-nedir\" aria-label=\"Read more about Evl\u0259r\u0259 Ged\u0259n Q\u0131z\u0131n: Qulaqlar\u0131 Kar, Dili Lal, G\u00f6zl\u0259ri Kor G\u0259r\u0259k\">Read more<\/a><\/p>\n","protected":false},"author":2,"featured_media":0,"comment_status":"open","ping_status":"open","sticky":false,"template":"","format":"standard","meta":{"footnotes":""},"categories":[1],"tags":[],"class_list":["post-6490","post","type-post","status-publish","format-standard","hentry","category-atalar-sozleri-atalar-sozu"],"aioseo_notices":[],"_links":{"self":[{"href":"https:\/\/nedir.az\/atalar-sozleri\/wp-json\/wp\/v2\/posts\/6490","targetHints":{"allow":["GET"]}}],"collection":[{"href":"https:\/\/nedir.az\/atalar-sozleri\/wp-json\/wp\/v2\/posts"}],"about":[{"href":"https:\/\/nedir.az\/atalar-sozleri\/wp-json\/wp\/v2\/types\/post"}],"author":[{"embeddable":true,"href":"https:\/\/nedir.az\/atalar-sozleri\/wp-json\/wp\/v2\/users\/2"}],"replies":[{"embeddable":true,"href":"https:\/\/nedir.az\/atalar-sozleri\/wp-json\/wp\/v2\/comments?post=6490"}],"version-history":[{"count":0,"href":"https:\/\/nedir.az\/atalar-sozleri\/wp-json\/wp\/v2\/posts\/6490\/revisions"}],"wp:attachment":[{"href":"https:\/\/nedir.az\/atalar-sozleri\/wp-json\/wp\/v2\/media?parent=6490"}],"wp:term":[{"taxonomy":"category","embeddable":true,"href":"https:\/\/nedir.az\/atalar-sozleri\/wp-json\/wp\/v2\/categories?post=6490"},{"taxonomy":"post_tag","embeddable":true,"href":"https:\/\/nedir.az\/atalar-sozleri\/wp-json\/wp\/v2\/tags?post=6490"}],"curies":[{"name":"wp","href":"https:\/\/api.w.org\/{rel}","templated":true}]}}