{"id":6486,"date":"2024-09-06T21:34:18","date_gmt":"2024-09-06T21:34:18","guid":{"rendered":""},"modified":"-0001-11-30T00:00:00","modified_gmt":"-0001-11-29T21:00:00","slug":"evler-ayri-qaygilar-ayri","status":"publish","type":"post","link":"https:\/\/nedir.az\/atalar-sozleri\/evler-ayri-qaygilar-ayri-atalar-sozunun-menasi-nedir","title":{"rendered":"Evl\u0259r Ayr\u0131, Qay\u011f\u0131lar Ayr\u0131"},"content":{"rendered":"<p>&#8220;evl\u0259r ayr\u0131, qay\u011f\u0131lar ayr\u0131&#8221; atalar s\u00f6z\u00fcn\u00fcn m\u0259nas\u0131, insanlar\u0131n bir-birind\u0259n ayr\u0131 ya\u015famas\u0131n\u0131n, amma eyni zamanda h\u0259r k\u0259sin \u00f6z probleml\u0259ri, qay\u011f\u0131lar\u0131 v\u0259 \u00e7\u0259tinlikl\u0259ri oldu\u011fu anlam\u0131na g\u0259lir. Bu s\u00f6z, insanlar\u0131n f\u0259rqli m\u00fchitl\u0259rd\u0259 ya\u015fasa da, h\u0259r birinin \u00f6z h\u0259yat\u0131nda qar\u015f\u0131la\u015fd\u0131\u011f\u0131 \u00e7\u0259tinlikl\u0259rin oldu\u011funu vur\u011fulay\u0131r. H\u0259r k\u0259sin \u00f6z evind\u0259ki v\u0259ziyy\u0259ti, ba\u015fqalar\u0131n\u0131n evind\u0259ki v\u0259ziyy\u0259td\u0259n f\u0259rqli ola bil\u0259r, amma bu, onlar\u0131n qay\u011f\u0131lar\u0131n\u0131n daha az oldu\u011fu anlam\u0131na g\u0259lmir. H\u0259yat\u0131n \u00e7\u0259tinlikl\u0259ri, insanlar\u0131 bir araya g\u0259tir\u0259n, amma eyni zamanda ayr\u0131 tutan bir reall\u0131qd\u0131r.<\/p>\n<p><b>Q\u0131sa M\u0259nas\u0131<\/b><br \/> \u0130nsanlar\u0131n ayr\u0131 evl\u0259rd\u0259 ya\u015fasa da, h\u0259r birinin \u00f6z qay\u011f\u0131lar\u0131 v\u0259 probleml\u0259ri vard\u0131r.<\/p>\n","protected":false},"excerpt":{"rendered":"<p>&#8220;evl\u0259r ayr\u0131, qay\u011f\u0131lar ayr\u0131&#8221; atalar s\u00f6z\u00fcn\u00fcn m\u0259nas\u0131, insanlar\u0131n bir-birind\u0259n ayr\u0131 ya\u015famas\u0131n\u0131n, amma eyni zamanda h\u0259r k\u0259sin \u00f6z probleml\u0259ri, qay\u011f\u0131lar\u0131 v\u0259 \u00e7\u0259tinlikl\u0259ri oldu\u011fu anlam\u0131na g\u0259lir. Bu s\u00f6z, insanlar\u0131n f\u0259rqli m\u00fchitl\u0259rd\u0259 ya\u015fasa da, h\u0259r birinin \u00f6z h\u0259yat\u0131nda qar\u015f\u0131la\u015fd\u0131\u011f\u0131 \u00e7\u0259tinlikl\u0259rin oldu\u011funu vur\u011fulay\u0131r. H\u0259r k\u0259sin \u00f6z evind\u0259ki v\u0259ziyy\u0259ti, ba\u015fqalar\u0131n\u0131n evind\u0259ki v\u0259ziyy\u0259td\u0259n f\u0259rqli ola bil\u0259r, amma bu, onlar\u0131n qay\u011f\u0131lar\u0131n\u0131n daha &#8230; <a title=\"Evl\u0259r Ayr\u0131, Qay\u011f\u0131lar Ayr\u0131\" class=\"read-more\" href=\"https:\/\/nedir.az\/atalar-sozleri\/evler-ayri-qaygilar-ayri-atalar-sozunun-menasi-nedir\" aria-label=\"Read more about Evl\u0259r Ayr\u0131, Qay\u011f\u0131lar Ayr\u0131\">Read more<\/a><\/p>\n","protected":false},"author":2,"featured_media":0,"comment_status":"open","ping_status":"open","sticky":false,"template":"","format":"standard","meta":{"footnotes":""},"categories":[1],"tags":[],"class_list":["post-6486","post","type-post","status-publish","format-standard","hentry","category-atalar-sozleri-atalar-sozu"],"aioseo_notices":[],"_links":{"self":[{"href":"https:\/\/nedir.az\/atalar-sozleri\/wp-json\/wp\/v2\/posts\/6486","targetHints":{"allow":["GET"]}}],"collection":[{"href":"https:\/\/nedir.az\/atalar-sozleri\/wp-json\/wp\/v2\/posts"}],"about":[{"href":"https:\/\/nedir.az\/atalar-sozleri\/wp-json\/wp\/v2\/types\/post"}],"author":[{"embeddable":true,"href":"https:\/\/nedir.az\/atalar-sozleri\/wp-json\/wp\/v2\/users\/2"}],"replies":[{"embeddable":true,"href":"https:\/\/nedir.az\/atalar-sozleri\/wp-json\/wp\/v2\/comments?post=6486"}],"version-history":[{"count":0,"href":"https:\/\/nedir.az\/atalar-sozleri\/wp-json\/wp\/v2\/posts\/6486\/revisions"}],"wp:attachment":[{"href":"https:\/\/nedir.az\/atalar-sozleri\/wp-json\/wp\/v2\/media?parent=6486"}],"wp:term":[{"taxonomy":"category","embeddable":true,"href":"https:\/\/nedir.az\/atalar-sozleri\/wp-json\/wp\/v2\/categories?post=6486"},{"taxonomy":"post_tag","embeddable":true,"href":"https:\/\/nedir.az\/atalar-sozleri\/wp-json\/wp\/v2\/tags?post=6486"}],"curies":[{"name":"wp","href":"https:\/\/api.w.org\/{rel}","templated":true}]}}