{"id":6482,"date":"2024-09-06T21:34:18","date_gmt":"2024-09-06T21:34:18","guid":{"rendered":""},"modified":"-0001-11-30T00:00:00","modified_gmt":"-0001-11-29T21:00:00","slug":"evlenen-goz-qulaqda-olar","status":"publish","type":"post","link":"https:\/\/nedir.az\/atalar-sozleri\/evlenen-goz-qulaqda-olar-atalar-sozunun-menasi-nedir","title":{"rendered":"Evl\u0259n\u0259n G\u00f6z-qulaqda Olar"},"content":{"rendered":"<p>&#8220;evl\u0259n\u0259n g\u00f6z-qulaqda olar&#8221; atalar s\u00f6z\u00fcn\u00fcn m\u0259nas\u0131, evliliyin insan\u0131n h\u0259yat\u0131nda \u0259h\u0259miyy\u0259tli bir yer tutdu\u011funu v\u0259 bu m\u00fcnasib\u0259tl\u0259rin ba\u015fqalar\u0131 t\u0259r\u0259find\u0259n izl\u0259nildiyini vur\u011fulay\u0131r. Bu s\u00f6z, evliliyin c\u0259miyy\u0259t i\u00e7ind\u0259ki yerini, insanlar\u0131n bir-birin\u0259 olan m\u00fcnasib\u0259tl\u0259rini v\u0259 evliliyin sosial bir m\u0259suliyy\u0259t oldu\u011funu ifad\u0259 edir. Evlilik, yaln\u0131z iki insan aras\u0131nda deyil, eyni zamanda onlar\u0131n ail\u0259l\u0259ri v\u0259 c\u0259miyy\u0259tl\u0259ri aras\u0131nda da bir ba\u011f yarad\u0131r. Bu s\u0259b\u0259bd\u0259n, evl\u0259n\u0259n insanlar\u0131n davran\u0131\u015flar\u0131, c\u0259miyy\u0259t t\u0259r\u0259find\u0259n diqq\u0259tl\u0259 izl\u0259nilir v\u0259 qiym\u0259tl\u0259ndirilir.<\/p>\n<p><b>Q\u0131sa M\u0259nas\u0131<\/b><br \/> Evlilik, c\u0259miyy\u0259tin diqq\u0259t m\u0259rk\u0259zind\u0259dir v\u0259 insanlar\u0131n bir-birin\u0259 olan m\u00fcnasib\u0259tl\u0259ri sosial m\u0259suliyy\u0259t da\u015f\u0131y\u0131r.<\/p>\n","protected":false},"excerpt":{"rendered":"<p>&#8220;evl\u0259n\u0259n g\u00f6z-qulaqda olar&#8221; atalar s\u00f6z\u00fcn\u00fcn m\u0259nas\u0131, evliliyin insan\u0131n h\u0259yat\u0131nda \u0259h\u0259miyy\u0259tli bir yer tutdu\u011funu v\u0259 bu m\u00fcnasib\u0259tl\u0259rin ba\u015fqalar\u0131 t\u0259r\u0259find\u0259n izl\u0259nildiyini vur\u011fulay\u0131r. Bu s\u00f6z, evliliyin c\u0259miyy\u0259t i\u00e7ind\u0259ki yerini, insanlar\u0131n bir-birin\u0259 olan m\u00fcnasib\u0259tl\u0259rini v\u0259 evliliyin sosial bir m\u0259suliyy\u0259t oldu\u011funu ifad\u0259 edir. Evlilik, yaln\u0131z iki insan aras\u0131nda deyil, eyni zamanda onlar\u0131n ail\u0259l\u0259ri v\u0259 c\u0259miyy\u0259tl\u0259ri aras\u0131nda da bir ba\u011f yarad\u0131r. &#8230; <a title=\"Evl\u0259n\u0259n G\u00f6z-qulaqda Olar\" class=\"read-more\" href=\"https:\/\/nedir.az\/atalar-sozleri\/evlenen-goz-qulaqda-olar-atalar-sozunun-menasi-nedir\" aria-label=\"Read more about Evl\u0259n\u0259n G\u00f6z-qulaqda Olar\">Read more<\/a><\/p>\n","protected":false},"author":2,"featured_media":0,"comment_status":"open","ping_status":"open","sticky":false,"template":"","format":"standard","meta":{"footnotes":""},"categories":[1],"tags":[],"class_list":["post-6482","post","type-post","status-publish","format-standard","hentry","category-atalar-sozleri-atalar-sozu"],"aioseo_notices":[],"_links":{"self":[{"href":"https:\/\/nedir.az\/atalar-sozleri\/wp-json\/wp\/v2\/posts\/6482","targetHints":{"allow":["GET"]}}],"collection":[{"href":"https:\/\/nedir.az\/atalar-sozleri\/wp-json\/wp\/v2\/posts"}],"about":[{"href":"https:\/\/nedir.az\/atalar-sozleri\/wp-json\/wp\/v2\/types\/post"}],"author":[{"embeddable":true,"href":"https:\/\/nedir.az\/atalar-sozleri\/wp-json\/wp\/v2\/users\/2"}],"replies":[{"embeddable":true,"href":"https:\/\/nedir.az\/atalar-sozleri\/wp-json\/wp\/v2\/comments?post=6482"}],"version-history":[{"count":0,"href":"https:\/\/nedir.az\/atalar-sozleri\/wp-json\/wp\/v2\/posts\/6482\/revisions"}],"wp:attachment":[{"href":"https:\/\/nedir.az\/atalar-sozleri\/wp-json\/wp\/v2\/media?parent=6482"}],"wp:term":[{"taxonomy":"category","embeddable":true,"href":"https:\/\/nedir.az\/atalar-sozleri\/wp-json\/wp\/v2\/categories?post=6482"},{"taxonomy":"post_tag","embeddable":true,"href":"https:\/\/nedir.az\/atalar-sozleri\/wp-json\/wp\/v2\/tags?post=6482"}],"curies":[{"name":"wp","href":"https:\/\/api.w.org\/{rel}","templated":true}]}}