{"id":6481,"date":"2024-09-06T21:34:18","date_gmt":"2024-09-06T21:34:18","guid":{"rendered":""},"modified":"-0001-11-30T00:00:00","modified_gmt":"-0001-11-29T21:00:00","slug":"evlenen-evdar-olar","status":"publish","type":"post","link":"https:\/\/nedir.az\/atalar-sozleri\/evlenen-evdar-olar-atalar-sozunun-menasi-nedir","title":{"rendered":"Evl\u0259n\u0259n Evdar Olar"},"content":{"rendered":"<p>&#8220;evl\u0259n\u0259n evdar olar&#8221; atalar s\u00f6z\u00fcn\u00fcn m\u0259nas\u0131, evliliyin insan\u0131n h\u0259yat\u0131nda yeni bir m\u0259rh\u0259l\u0259 oldu\u011funu v\u0259 bu m\u0259rh\u0259l\u0259nin insan\u0131 daha m\u0259suliyy\u0259tli, ciddi v\u0259 ev i\u015fl\u0259rin\u0259 y\u00f6n\u0259ldiyini ifad\u0259 edir. Evlilik, insan\u0131n sosial statusunu d\u0259yi\u015fdirir v\u0259 onu ail\u0259vi m\u0259suliyy\u0259tl\u0259r\u0259 y\u00f6n\u0259ldir. Bu atalar s\u00f6z\u00fc, evliliyin insan\u0131n h\u0259yat\u0131nda yaratd\u0131\u011f\u0131 d\u0259yi\u015fiklikl\u0259ri vur\u011fulay\u0131r v\u0259 evl\u0259nm\u0259nin insan\u0131 daha ciddi bir h\u0259yata haz\u0131rlad\u0131\u011f\u0131n\u0131 bildirir.<\/p>\n<p><b>Q\u0131sa M\u0259nas\u0131<\/b><br \/> Evlilik insan\u0131 m\u0259suliyy\u0259tli edir v\u0259 ev i\u015fl\u0259rin\u0259 y\u00f6n\u0259ldir.<\/p>\n","protected":false},"excerpt":{"rendered":"<p>&#8220;evl\u0259n\u0259n evdar olar&#8221; atalar s\u00f6z\u00fcn\u00fcn m\u0259nas\u0131, evliliyin insan\u0131n h\u0259yat\u0131nda yeni bir m\u0259rh\u0259l\u0259 oldu\u011funu v\u0259 bu m\u0259rh\u0259l\u0259nin insan\u0131 daha m\u0259suliyy\u0259tli, ciddi v\u0259 ev i\u015fl\u0259rin\u0259 y\u00f6n\u0259ldiyini ifad\u0259 edir. Evlilik, insan\u0131n sosial statusunu d\u0259yi\u015fdirir v\u0259 onu ail\u0259vi m\u0259suliyy\u0259tl\u0259r\u0259 y\u00f6n\u0259ldir. Bu atalar s\u00f6z\u00fc, evliliyin insan\u0131n h\u0259yat\u0131nda yaratd\u0131\u011f\u0131 d\u0259yi\u015fiklikl\u0259ri vur\u011fulay\u0131r v\u0259 evl\u0259nm\u0259nin insan\u0131 daha ciddi bir h\u0259yata haz\u0131rlad\u0131\u011f\u0131n\u0131 bildirir. Q\u0131sa &#8230; <a title=\"Evl\u0259n\u0259n Evdar Olar\" class=\"read-more\" href=\"https:\/\/nedir.az\/atalar-sozleri\/evlenen-evdar-olar-atalar-sozunun-menasi-nedir\" aria-label=\"Read more about Evl\u0259n\u0259n Evdar Olar\">Read more<\/a><\/p>\n","protected":false},"author":2,"featured_media":0,"comment_status":"open","ping_status":"open","sticky":false,"template":"","format":"standard","meta":{"footnotes":""},"categories":[1],"tags":[],"class_list":["post-6481","post","type-post","status-publish","format-standard","hentry","category-atalar-sozleri-atalar-sozu"],"aioseo_notices":[],"_links":{"self":[{"href":"https:\/\/nedir.az\/atalar-sozleri\/wp-json\/wp\/v2\/posts\/6481","targetHints":{"allow":["GET"]}}],"collection":[{"href":"https:\/\/nedir.az\/atalar-sozleri\/wp-json\/wp\/v2\/posts"}],"about":[{"href":"https:\/\/nedir.az\/atalar-sozleri\/wp-json\/wp\/v2\/types\/post"}],"author":[{"embeddable":true,"href":"https:\/\/nedir.az\/atalar-sozleri\/wp-json\/wp\/v2\/users\/2"}],"replies":[{"embeddable":true,"href":"https:\/\/nedir.az\/atalar-sozleri\/wp-json\/wp\/v2\/comments?post=6481"}],"version-history":[{"count":0,"href":"https:\/\/nedir.az\/atalar-sozleri\/wp-json\/wp\/v2\/posts\/6481\/revisions"}],"wp:attachment":[{"href":"https:\/\/nedir.az\/atalar-sozleri\/wp-json\/wp\/v2\/media?parent=6481"}],"wp:term":[{"taxonomy":"category","embeddable":true,"href":"https:\/\/nedir.az\/atalar-sozleri\/wp-json\/wp\/v2\/categories?post=6481"},{"taxonomy":"post_tag","embeddable":true,"href":"https:\/\/nedir.az\/atalar-sozleri\/wp-json\/wp\/v2\/tags?post=6481"}],"curies":[{"name":"wp","href":"https:\/\/api.w.org\/{rel}","templated":true}]}}