{"id":6480,"date":"2024-09-06T21:34:18","date_gmt":"2024-09-06T21:34:18","guid":{"rendered":""},"modified":"-0001-11-30T00:00:00","modified_gmt":"-0001-11-29T21:00:00","slug":"evli-evinde-yatar-qerib-harda-axsamlar","status":"publish","type":"post","link":"https:\/\/nedir.az\/atalar-sozleri\/evli-evinde-yatar-qerib-harda-axsamlar-atalar-sozunun-menasi-nedir","title":{"rendered":"Evli Evind\u0259 Yatar, Q\u0259rib Harda Ax\u015famlar?"},"content":{"rendered":"<p>&#8220;evli evind\u0259 yatar, q\u0259rib harda ax\u015famlar?&#8221; atalar s\u00f6z\u00fcn\u00fcn m\u0259nas\u0131, insan\u0131n \u00f6z evind\u0259, ail\u0259si il\u0259 birlikd\u0259 olmas\u0131n\u0131n v\u0259 evin rahatl\u0131\u011f\u0131n\u0131n \u00f6n\u0259mini vur\u011fulay\u0131r. Bu s\u00f6z, evli insanlar\u0131n \u00f6z evl\u0259rind\u0259 daha rahat v\u0259 t\u0259hl\u00fck\u0259siz hiss etdikl\u0259rini, lakin q\u0259rib insanlar\u0131n, y\u0259ni evsiz v\u0259 ya tan\u0131mad\u0131qlar\u0131 yerl\u0259rd\u0259 olanlar\u0131n, h\u0259r zaman bir yer axtar\u0131\u015f\u0131nda olduqlar\u0131n\u0131 ifad\u0259 edir. Evin insan \u00fc\u00e7\u00fcn bir s\u0131\u011f\u0131nacaq oldu\u011funu, tan\u0131mad\u0131\u011f\u0131 yerl\u0259rd\u0259 is\u0259 narahatl\u0131q v\u0259 qeyri-m\u00fc\u0259yy\u0259nlik hissinin oldu\u011funu g\u00f6st\u0259rir.<\/p>\n<p><b>Q\u0131sa M\u0259nas\u0131<\/b><br \/> Evli insanlar \u00f6z evl\u0259rind\u0259 rahatd\u0131r, q\u0259rib is\u0259 h\u0259r zaman axtar\u0131\u015fdad\u0131r.<\/p>\n","protected":false},"excerpt":{"rendered":"<p>&#8220;evli evind\u0259 yatar, q\u0259rib harda ax\u015famlar?&#8221; atalar s\u00f6z\u00fcn\u00fcn m\u0259nas\u0131, insan\u0131n \u00f6z evind\u0259, ail\u0259si il\u0259 birlikd\u0259 olmas\u0131n\u0131n v\u0259 evin rahatl\u0131\u011f\u0131n\u0131n \u00f6n\u0259mini vur\u011fulay\u0131r. Bu s\u00f6z, evli insanlar\u0131n \u00f6z evl\u0259rind\u0259 daha rahat v\u0259 t\u0259hl\u00fck\u0259siz hiss etdikl\u0259rini, lakin q\u0259rib insanlar\u0131n, y\u0259ni evsiz v\u0259 ya tan\u0131mad\u0131qlar\u0131 yerl\u0259rd\u0259 olanlar\u0131n, h\u0259r zaman bir yer axtar\u0131\u015f\u0131nda olduqlar\u0131n\u0131 ifad\u0259 edir. Evin insan \u00fc\u00e7\u00fcn bir &#8230; <a title=\"Evli Evind\u0259 Yatar, Q\u0259rib Harda Ax\u015famlar?\" class=\"read-more\" href=\"https:\/\/nedir.az\/atalar-sozleri\/evli-evinde-yatar-qerib-harda-axsamlar-atalar-sozunun-menasi-nedir\" aria-label=\"Read more about Evli Evind\u0259 Yatar, Q\u0259rib Harda Ax\u015famlar?\">Read more<\/a><\/p>\n","protected":false},"author":2,"featured_media":0,"comment_status":"open","ping_status":"open","sticky":false,"template":"","format":"standard","meta":{"footnotes":""},"categories":[1],"tags":[],"class_list":["post-6480","post","type-post","status-publish","format-standard","hentry","category-atalar-sozleri-atalar-sozu"],"aioseo_notices":[],"_links":{"self":[{"href":"https:\/\/nedir.az\/atalar-sozleri\/wp-json\/wp\/v2\/posts\/6480","targetHints":{"allow":["GET"]}}],"collection":[{"href":"https:\/\/nedir.az\/atalar-sozleri\/wp-json\/wp\/v2\/posts"}],"about":[{"href":"https:\/\/nedir.az\/atalar-sozleri\/wp-json\/wp\/v2\/types\/post"}],"author":[{"embeddable":true,"href":"https:\/\/nedir.az\/atalar-sozleri\/wp-json\/wp\/v2\/users\/2"}],"replies":[{"embeddable":true,"href":"https:\/\/nedir.az\/atalar-sozleri\/wp-json\/wp\/v2\/comments?post=6480"}],"version-history":[{"count":0,"href":"https:\/\/nedir.az\/atalar-sozleri\/wp-json\/wp\/v2\/posts\/6480\/revisions"}],"wp:attachment":[{"href":"https:\/\/nedir.az\/atalar-sozleri\/wp-json\/wp\/v2\/media?parent=6480"}],"wp:term":[{"taxonomy":"category","embeddable":true,"href":"https:\/\/nedir.az\/atalar-sozleri\/wp-json\/wp\/v2\/categories?post=6480"},{"taxonomy":"post_tag","embeddable":true,"href":"https:\/\/nedir.az\/atalar-sozleri\/wp-json\/wp\/v2\/tags?post=6480"}],"curies":[{"name":"wp","href":"https:\/\/api.w.org\/{rel}","templated":true}]}}