{"id":6478,"date":"2024-09-06T21:34:18","date_gmt":"2024-09-06T21:34:18","guid":{"rendered":""},"modified":"-0001-11-30T00:00:00","modified_gmt":"-0001-11-29T21:00:00","slug":"evinde-yatir-yuxuda-hezreti-suleymani-gorur","status":"publish","type":"post","link":"https:\/\/nedir.az\/atalar-sozleri\/evinde-yatir-yuxuda-hezreti-suleymani-gorur-atalar-sozunun-menasi-nedir","title":{"rendered":"Evind\u0259 Yat\u0131r, Yuxuda H\u0259zr\u0259ti S\u00fcleyman\u0131 G\u00f6r\u00fcr"},"content":{"rendered":"<p>&#8220;evind\u0259 yat\u0131r, yuxuda h\u0259zr\u0259ti s\u00fcleyman\u0131 g\u00f6r\u00fcr&#8221; atalar s\u00f6z\u00fc, insan\u0131n \u00f6z h\u0259yat\u0131nda ba\u015f ver\u0259n hadis\u0259l\u0259rin, d\u00fc\u015f\u00fcnc\u0259l\u0259rinin v\u0259 arzular\u0131n\u0131n realla\u015fmas\u0131 \u00fc\u00e7\u00fcn \u00e7al\u0131\u015fmad\u0131\u011f\u0131, lakin buna baxmayaraq, u\u011fur qazanma\u011f\u0131 g\u00f6zl\u0259diyini ifad\u0259 edir. Bu atalar s\u00f6z\u00fc, b\u0259z\u0259n insanlar\u0131n \u00f6z ist\u0259kl\u0259rin\u0259 \u00e7atmaq \u00fc\u00e7\u00fcn aktiv \u015f\u0259kild\u0259 \u00e7al\u0131\u015fmad\u0131qlar\u0131, lakin bununla yana\u015f\u0131, u\u011fur \u0259ld\u0259 etm\u0259yi arzulad\u0131qlar\u0131 zaman istifad\u0259 olunur. H\u0259zr\u0259ti S\u00fcleyman, m\u00fcdrikliyi v\u0259 \u0259dal\u0259ti il\u0259 tan\u0131nan bir \u015f\u0259xsiyy\u0259t oldu\u011funa g\u00f6r\u0259, bu atalar s\u00f6z\u00fc, insanlar\u0131n \u00f6z arzular\u0131n\u0131 realla\u015fd\u0131rmaq \u00fc\u00e7\u00fcn m\u00fcdrik davranma\u011f\u0131 da vur\u011fulay\u0131r.<\/p>\n<p><b>Q\u0131sa M\u0259nas\u0131<\/b><br \/> \u0130nsanlar\u0131n \u00f6z arzular\u0131n\u0131 realla\u015fd\u0131rmaq \u00fc\u00e7\u00fcn \u00e7al\u0131\u015fmadan, yaln\u0131z g\u00f6zl\u0259m\u0259kl\u0259 u\u011fur qazanma\u011f\u0131 ist\u0259m\u0259si.<\/p>\n","protected":false},"excerpt":{"rendered":"<p>&#8220;evind\u0259 yat\u0131r, yuxuda h\u0259zr\u0259ti s\u00fcleyman\u0131 g\u00f6r\u00fcr&#8221; atalar s\u00f6z\u00fc, insan\u0131n \u00f6z h\u0259yat\u0131nda ba\u015f ver\u0259n hadis\u0259l\u0259rin, d\u00fc\u015f\u00fcnc\u0259l\u0259rinin v\u0259 arzular\u0131n\u0131n realla\u015fmas\u0131 \u00fc\u00e7\u00fcn \u00e7al\u0131\u015fmad\u0131\u011f\u0131, lakin buna baxmayaraq, u\u011fur qazanma\u011f\u0131 g\u00f6zl\u0259diyini ifad\u0259 edir. Bu atalar s\u00f6z\u00fc, b\u0259z\u0259n insanlar\u0131n \u00f6z ist\u0259kl\u0259rin\u0259 \u00e7atmaq \u00fc\u00e7\u00fcn aktiv \u015f\u0259kild\u0259 \u00e7al\u0131\u015fmad\u0131qlar\u0131, lakin bununla yana\u015f\u0131, u\u011fur \u0259ld\u0259 etm\u0259yi arzulad\u0131qlar\u0131 zaman istifad\u0259 olunur. H\u0259zr\u0259ti S\u00fcleyman, m\u00fcdrikliyi v\u0259 \u0259dal\u0259ti &#8230; <a title=\"Evind\u0259 Yat\u0131r, Yuxuda H\u0259zr\u0259ti S\u00fcleyman\u0131 G\u00f6r\u00fcr\" class=\"read-more\" href=\"https:\/\/nedir.az\/atalar-sozleri\/evinde-yatir-yuxuda-hezreti-suleymani-gorur-atalar-sozunun-menasi-nedir\" aria-label=\"Read more about Evind\u0259 Yat\u0131r, Yuxuda H\u0259zr\u0259ti S\u00fcleyman\u0131 G\u00f6r\u00fcr\">Read more<\/a><\/p>\n","protected":false},"author":2,"featured_media":0,"comment_status":"open","ping_status":"open","sticky":false,"template":"","format":"standard","meta":{"footnotes":""},"categories":[1],"tags":[],"class_list":["post-6478","post","type-post","status-publish","format-standard","hentry","category-atalar-sozleri-atalar-sozu"],"aioseo_notices":[],"_links":{"self":[{"href":"https:\/\/nedir.az\/atalar-sozleri\/wp-json\/wp\/v2\/posts\/6478","targetHints":{"allow":["GET"]}}],"collection":[{"href":"https:\/\/nedir.az\/atalar-sozleri\/wp-json\/wp\/v2\/posts"}],"about":[{"href":"https:\/\/nedir.az\/atalar-sozleri\/wp-json\/wp\/v2\/types\/post"}],"author":[{"embeddable":true,"href":"https:\/\/nedir.az\/atalar-sozleri\/wp-json\/wp\/v2\/users\/2"}],"replies":[{"embeddable":true,"href":"https:\/\/nedir.az\/atalar-sozleri\/wp-json\/wp\/v2\/comments?post=6478"}],"version-history":[{"count":0,"href":"https:\/\/nedir.az\/atalar-sozleri\/wp-json\/wp\/v2\/posts\/6478\/revisions"}],"wp:attachment":[{"href":"https:\/\/nedir.az\/atalar-sozleri\/wp-json\/wp\/v2\/media?parent=6478"}],"wp:term":[{"taxonomy":"category","embeddable":true,"href":"https:\/\/nedir.az\/atalar-sozleri\/wp-json\/wp\/v2\/categories?post=6478"},{"taxonomy":"post_tag","embeddable":true,"href":"https:\/\/nedir.az\/atalar-sozleri\/wp-json\/wp\/v2\/tags?post=6478"}],"curies":[{"name":"wp","href":"https:\/\/api.w.org\/{rel}","templated":true}]}}