{"id":6476,"date":"2024-09-06T21:34:18","date_gmt":"2024-09-06T21:34:18","guid":{"rendered":""},"modified":"-0001-11-30T00:00:00","modified_gmt":"-0001-11-29T21:00:00","slug":"evinde-delik-belinde-yara-yar-sirrini-ellerde-ara","status":"publish","type":"post","link":"https:\/\/nedir.az\/atalar-sozleri\/evinde-delik-belinde-yara-yar-sirrini-ellerde-ara-atalar-sozunun-menasi-nedir","title":{"rendered":"Evind\u0259 D\u0259lik, Belind\u0259 Yara, Yar Sirrini Ell\u0259rd\u0259 Ara"},"content":{"rendered":"<p>&#8220;evind\u0259 d\u0259lik, belind\u0259 yara, yar sirrini ell\u0259rd\u0259 ara&#8221; atalar s\u00f6z\u00fc, insan\u0131n \u00f6z probleml\u0259rini, \u00e7at\u0131\u015fmazl\u0131qlar\u0131n\u0131 ba\u015fqalar\u0131na a\u00e7madan, \u00f6z i\u00e7ind\u0259 h\u0259ll etm\u0259y\u0259 \u00e7al\u0131\u015fmas\u0131 v\u0259 ya ba\u015fqalar\u0131n\u0131n probleml\u0259rin\u0259 diqq\u0259t yetirm\u0259si laz\u0131m oldu\u011funu vur\u011fulay\u0131r. Bu s\u00f6z, insan\u0131n \u00f6z h\u0259yat\u0131nda olan \u00e7\u0259tinlikl\u0259ri gizl\u0259tm\u0259sinin, lakin ba\u015fqalar\u0131n\u0131n probleml\u0259rin\u0259 daha \u00e7ox diqq\u0259t yetirm\u0259sinin yanl\u0131\u015f oldu\u011funu ifad\u0259 edir. H\u0259m\u00e7inin, bu atalar s\u00f6z\u00fc, insan\u0131n \u00f6z yaralar\u0131n\u0131 ba\u015fqalar\u0131na g\u00f6st\u0259rm\u0259d\u0259n, onlar\u0131 \u00f6z i\u00e7ind\u0259 ya\u015fama\u011fa \u00e7al\u0131\u015fmas\u0131n\u0131n m\u0259nas\u0131z oldu\u011funu da bildirir.<\/p>\n<p><b>Q\u0131sa M\u0259nas\u0131<\/b><br \/> \u00d6z probleml\u0259rini gizl\u0259tm\u0259k v\u0259 ba\u015fqalar\u0131n\u0131n probleml\u0259rin\u0259 diqq\u0259t yetirm\u0259k yanl\u0131\u015fd\u0131r.<\/p>\n","protected":false},"excerpt":{"rendered":"<p>&#8220;evind\u0259 d\u0259lik, belind\u0259 yara, yar sirrini ell\u0259rd\u0259 ara&#8221; atalar s\u00f6z\u00fc, insan\u0131n \u00f6z probleml\u0259rini, \u00e7at\u0131\u015fmazl\u0131qlar\u0131n\u0131 ba\u015fqalar\u0131na a\u00e7madan, \u00f6z i\u00e7ind\u0259 h\u0259ll etm\u0259y\u0259 \u00e7al\u0131\u015fmas\u0131 v\u0259 ya ba\u015fqalar\u0131n\u0131n probleml\u0259rin\u0259 diqq\u0259t yetirm\u0259si laz\u0131m oldu\u011funu vur\u011fulay\u0131r. Bu s\u00f6z, insan\u0131n \u00f6z h\u0259yat\u0131nda olan \u00e7\u0259tinlikl\u0259ri gizl\u0259tm\u0259sinin, lakin ba\u015fqalar\u0131n\u0131n probleml\u0259rin\u0259 daha \u00e7ox diqq\u0259t yetirm\u0259sinin yanl\u0131\u015f oldu\u011funu ifad\u0259 edir. H\u0259m\u00e7inin, bu atalar s\u00f6z\u00fc, insan\u0131n \u00f6z &#8230; <a title=\"Evind\u0259 D\u0259lik, Belind\u0259 Yara, Yar Sirrini Ell\u0259rd\u0259 Ara\" class=\"read-more\" href=\"https:\/\/nedir.az\/atalar-sozleri\/evinde-delik-belinde-yara-yar-sirrini-ellerde-ara-atalar-sozunun-menasi-nedir\" aria-label=\"Read more about Evind\u0259 D\u0259lik, Belind\u0259 Yara, Yar Sirrini Ell\u0259rd\u0259 Ara\">Read more<\/a><\/p>\n","protected":false},"author":2,"featured_media":0,"comment_status":"open","ping_status":"open","sticky":false,"template":"","format":"standard","meta":{"footnotes":""},"categories":[1],"tags":[],"class_list":["post-6476","post","type-post","status-publish","format-standard","hentry","category-atalar-sozleri-atalar-sozu"],"aioseo_notices":[],"_links":{"self":[{"href":"https:\/\/nedir.az\/atalar-sozleri\/wp-json\/wp\/v2\/posts\/6476","targetHints":{"allow":["GET"]}}],"collection":[{"href":"https:\/\/nedir.az\/atalar-sozleri\/wp-json\/wp\/v2\/posts"}],"about":[{"href":"https:\/\/nedir.az\/atalar-sozleri\/wp-json\/wp\/v2\/types\/post"}],"author":[{"embeddable":true,"href":"https:\/\/nedir.az\/atalar-sozleri\/wp-json\/wp\/v2\/users\/2"}],"replies":[{"embeddable":true,"href":"https:\/\/nedir.az\/atalar-sozleri\/wp-json\/wp\/v2\/comments?post=6476"}],"version-history":[{"count":0,"href":"https:\/\/nedir.az\/atalar-sozleri\/wp-json\/wp\/v2\/posts\/6476\/revisions"}],"wp:attachment":[{"href":"https:\/\/nedir.az\/atalar-sozleri\/wp-json\/wp\/v2\/media?parent=6476"}],"wp:term":[{"taxonomy":"category","embeddable":true,"href":"https:\/\/nedir.az\/atalar-sozleri\/wp-json\/wp\/v2\/categories?post=6476"},{"taxonomy":"post_tag","embeddable":true,"href":"https:\/\/nedir.az\/atalar-sozleri\/wp-json\/wp\/v2\/tags?post=6476"}],"curies":[{"name":"wp","href":"https:\/\/api.w.org\/{rel}","templated":true}]}}