{"id":6472,"date":"2024-09-06T21:34:18","date_gmt":"2024-09-06T21:34:18","guid":{"rendered":""},"modified":"-0001-11-30T00:00:00","modified_gmt":"-0001-11-29T21:00:00","slug":"evin-yarasigi-gelindir","status":"publish","type":"post","link":"https:\/\/nedir.az\/atalar-sozleri\/evin-yarasigi-gelindir-atalar-sozunun-menasi-nedir","title":{"rendered":"Evin Yara\u015f\u0131\u011f\u0131 G\u0259lindir"},"content":{"rendered":"<p>&#8220;evin yara\u015f\u0131\u011f\u0131 g\u0259lindir&#8221; atalar s\u00f6z\u00fcn\u00fcn m\u0259nas\u0131, evin v\u0259 ail\u0259nin g\u00f6z\u0259lliyini, harmoniyas\u0131n\u0131 v\u0259 m\u00fck\u0259mm\u0259lliyini simvoliz\u0259 ed\u0259n g\u0259linin \u0259h\u0259miyy\u0259tini vur\u011fulay\u0131r. Bu atalar s\u00f6z\u00fc, ail\u0259 m\u00fchitinin g\u00f6z\u0259lliyinin v\u0259 xo\u015fb\u0259xtliyinin, g\u0259linin ev\u0259 daxil olmas\u0131 il\u0259 artd\u0131\u011f\u0131n\u0131 ifad\u0259 edir. G\u0259lin, evin bir par\u00e7as\u0131 olaraq, onun g\u00f6z\u0259lliyini v\u0259 d\u0259y\u0259rl\u0259rini art\u0131r\u0131r. Bu s\u00f6z, eyni zamanda, ail\u0259 qurma\u011f\u0131n v\u0259 yeni bir h\u0259yat\u0131n ba\u015flan\u011f\u0131c\u0131n\u0131n m\u00fcsb\u0259t t\u0259sirl\u0259rini d\u0259 qeyd edir.<\/p>\n<p><b>Q\u0131sa M\u0259nas\u0131<\/b><br \/>G\u0259lin evin g\u00f6z\u0259lliyini art\u0131ran, ail\u0259 harmoniyas\u0131n\u0131 t\u0259min ed\u0259n bir simvoldur.<\/p>\n","protected":false},"excerpt":{"rendered":"<p>&#8220;evin yara\u015f\u0131\u011f\u0131 g\u0259lindir&#8221; atalar s\u00f6z\u00fcn\u00fcn m\u0259nas\u0131, evin v\u0259 ail\u0259nin g\u00f6z\u0259lliyini, harmoniyas\u0131n\u0131 v\u0259 m\u00fck\u0259mm\u0259lliyini simvoliz\u0259 ed\u0259n g\u0259linin \u0259h\u0259miyy\u0259tini vur\u011fulay\u0131r. Bu atalar s\u00f6z\u00fc, ail\u0259 m\u00fchitinin g\u00f6z\u0259lliyinin v\u0259 xo\u015fb\u0259xtliyinin, g\u0259linin ev\u0259 daxil olmas\u0131 il\u0259 artd\u0131\u011f\u0131n\u0131 ifad\u0259 edir. G\u0259lin, evin bir par\u00e7as\u0131 olaraq, onun g\u00f6z\u0259lliyini v\u0259 d\u0259y\u0259rl\u0259rini art\u0131r\u0131r. Bu s\u00f6z, eyni zamanda, ail\u0259 qurma\u011f\u0131n v\u0259 yeni bir h\u0259yat\u0131n ba\u015flan\u011f\u0131c\u0131n\u0131n &#8230; <a title=\"Evin Yara\u015f\u0131\u011f\u0131 G\u0259lindir\" class=\"read-more\" href=\"https:\/\/nedir.az\/atalar-sozleri\/evin-yarasigi-gelindir-atalar-sozunun-menasi-nedir\" aria-label=\"Read more about Evin Yara\u015f\u0131\u011f\u0131 G\u0259lindir\">Read more<\/a><\/p>\n","protected":false},"author":2,"featured_media":0,"comment_status":"open","ping_status":"open","sticky":false,"template":"","format":"standard","meta":{"footnotes":""},"categories":[1],"tags":[],"class_list":["post-6472","post","type-post","status-publish","format-standard","hentry","category-atalar-sozleri-atalar-sozu"],"aioseo_notices":[],"_links":{"self":[{"href":"https:\/\/nedir.az\/atalar-sozleri\/wp-json\/wp\/v2\/posts\/6472","targetHints":{"allow":["GET"]}}],"collection":[{"href":"https:\/\/nedir.az\/atalar-sozleri\/wp-json\/wp\/v2\/posts"}],"about":[{"href":"https:\/\/nedir.az\/atalar-sozleri\/wp-json\/wp\/v2\/types\/post"}],"author":[{"embeddable":true,"href":"https:\/\/nedir.az\/atalar-sozleri\/wp-json\/wp\/v2\/users\/2"}],"replies":[{"embeddable":true,"href":"https:\/\/nedir.az\/atalar-sozleri\/wp-json\/wp\/v2\/comments?post=6472"}],"version-history":[{"count":0,"href":"https:\/\/nedir.az\/atalar-sozleri\/wp-json\/wp\/v2\/posts\/6472\/revisions"}],"wp:attachment":[{"href":"https:\/\/nedir.az\/atalar-sozleri\/wp-json\/wp\/v2\/media?parent=6472"}],"wp:term":[{"taxonomy":"category","embeddable":true,"href":"https:\/\/nedir.az\/atalar-sozleri\/wp-json\/wp\/v2\/categories?post=6472"},{"taxonomy":"post_tag","embeddable":true,"href":"https:\/\/nedir.az\/atalar-sozleri\/wp-json\/wp\/v2\/tags?post=6472"}],"curies":[{"name":"wp","href":"https:\/\/api.w.org\/{rel}","templated":true}]}}