{"id":6471,"date":"2024-09-06T21:34:18","date_gmt":"2024-09-06T21:34:18","guid":{"rendered":""},"modified":"-0001-11-30T00:00:00","modified_gmt":"-0001-11-29T21:00:00","slug":"evin-olsun-divardan-od-dussun-gilavardan","status":"publish","type":"post","link":"https:\/\/nedir.az\/atalar-sozleri\/evin-olsun-divardan-od-dussun-gilavardan-atalar-sozunun-menasi-nedir","title":{"rendered":"Evin Olsun Divardan, Od D\u00fc\u015fs\u00fcn Gilavardan!"},"content":{"rendered":"<p>&#8220;evin olsun divardan, od d\u00fc\u015fs\u00fcn gilavardan!&#8221; atalar s\u00f6z\u00fcn\u00fcn m\u0259nas\u0131, insan\u0131n evinin, y\u0259ni ya\u015fay\u0131\u015f yerinin sa\u011flam v\u0259 t\u0259hl\u00fck\u0259siz olmas\u0131n\u0131n vacibliyini vur\u011fulay\u0131r. Bu atalar s\u00f6z\u00fc, evin divarlar\u0131n\u0131n sa\u011flam olmas\u0131n\u0131n, evin i\u00e7ind\u0259ki insanlar\u0131n t\u0259hl\u00fck\u0259sizliyini t\u0259min etdiyini bildirir. Evin i\u00e7ind\u0259ki od, y\u0259ni istilik v\u0259 rahatl\u0131q, evin sa\u011flaml\u0131\u011f\u0131na ba\u011fl\u0131d\u0131r. Bu ifad\u0259, insanlara evl\u0259rinin t\u0259hl\u00fck\u0259sizliyini v\u0259 sa\u011flaml\u0131\u011f\u0131n\u0131 \u00f6n planda tutma\u011f\u0131 t\u00f6vsiy\u0259 edir.<\/p>\n<p><b>Q\u0131sa M\u0259nas\u0131<\/b><br \/> Evin sa\u011flaml\u0131\u011f\u0131, i\u00e7ind\u0259ki insanlar\u0131n t\u0259hl\u00fck\u0259sizliyini t\u0259min edir.<\/p>\n","protected":false},"excerpt":{"rendered":"<p>&#8220;evin olsun divardan, od d\u00fc\u015fs\u00fcn gilavardan!&#8221; atalar s\u00f6z\u00fcn\u00fcn m\u0259nas\u0131, insan\u0131n evinin, y\u0259ni ya\u015fay\u0131\u015f yerinin sa\u011flam v\u0259 t\u0259hl\u00fck\u0259siz olmas\u0131n\u0131n vacibliyini vur\u011fulay\u0131r. Bu atalar s\u00f6z\u00fc, evin divarlar\u0131n\u0131n sa\u011flam olmas\u0131n\u0131n, evin i\u00e7ind\u0259ki insanlar\u0131n t\u0259hl\u00fck\u0259sizliyini t\u0259min etdiyini bildirir. Evin i\u00e7ind\u0259ki od, y\u0259ni istilik v\u0259 rahatl\u0131q, evin sa\u011flaml\u0131\u011f\u0131na ba\u011fl\u0131d\u0131r. Bu ifad\u0259, insanlara evl\u0259rinin t\u0259hl\u00fck\u0259sizliyini v\u0259 sa\u011flaml\u0131\u011f\u0131n\u0131 \u00f6n planda tutma\u011f\u0131 t\u00f6vsiy\u0259 &#8230; <a title=\"Evin Olsun Divardan, Od D\u00fc\u015fs\u00fcn Gilavardan!\" class=\"read-more\" href=\"https:\/\/nedir.az\/atalar-sozleri\/evin-olsun-divardan-od-dussun-gilavardan-atalar-sozunun-menasi-nedir\" aria-label=\"Read more about Evin Olsun Divardan, Od D\u00fc\u015fs\u00fcn Gilavardan!\">Read more<\/a><\/p>\n","protected":false},"author":2,"featured_media":0,"comment_status":"open","ping_status":"open","sticky":false,"template":"","format":"standard","meta":{"footnotes":""},"categories":[1],"tags":[],"class_list":["post-6471","post","type-post","status-publish","format-standard","hentry","category-atalar-sozleri-atalar-sozu"],"aioseo_notices":[],"_links":{"self":[{"href":"https:\/\/nedir.az\/atalar-sozleri\/wp-json\/wp\/v2\/posts\/6471","targetHints":{"allow":["GET"]}}],"collection":[{"href":"https:\/\/nedir.az\/atalar-sozleri\/wp-json\/wp\/v2\/posts"}],"about":[{"href":"https:\/\/nedir.az\/atalar-sozleri\/wp-json\/wp\/v2\/types\/post"}],"author":[{"embeddable":true,"href":"https:\/\/nedir.az\/atalar-sozleri\/wp-json\/wp\/v2\/users\/2"}],"replies":[{"embeddable":true,"href":"https:\/\/nedir.az\/atalar-sozleri\/wp-json\/wp\/v2\/comments?post=6471"}],"version-history":[{"count":0,"href":"https:\/\/nedir.az\/atalar-sozleri\/wp-json\/wp\/v2\/posts\/6471\/revisions"}],"wp:attachment":[{"href":"https:\/\/nedir.az\/atalar-sozleri\/wp-json\/wp\/v2\/media?parent=6471"}],"wp:term":[{"taxonomy":"category","embeddable":true,"href":"https:\/\/nedir.az\/atalar-sozleri\/wp-json\/wp\/v2\/categories?post=6471"},{"taxonomy":"post_tag","embeddable":true,"href":"https:\/\/nedir.az\/atalar-sozleri\/wp-json\/wp\/v2\/tags?post=6471"}],"curies":[{"name":"wp","href":"https:\/\/api.w.org\/{rel}","templated":true}]}}