{"id":6470,"date":"2024-09-06T21:34:18","date_gmt":"2024-09-06T21:34:18","guid":{"rendered":""},"modified":"-0001-11-30T00:00:00","modified_gmt":"-0001-11-29T21:00:00","slug":"evin-minare-dibinde-olsa-da-qulagin-ses-esitmez","status":"publish","type":"post","link":"https:\/\/nedir.az\/atalar-sozleri\/evin-minare-dibinde-olsa-da-qulagin-ses-esitmez-atalar-sozunun-menasi-nedir","title":{"rendered":"Evin Minar\u0259 Dibind\u0259 Olsa Da, Qula\u011f\u0131n S\u0259s E\u015fitm\u0259z"},"content":{"rendered":"<p>&#8220;evin minar\u0259 dibind\u0259 olsa da, qula\u011f\u0131n s\u0259s e\u015fitm\u0259z&#8221; atalar s\u00f6z\u00fc, insan\u0131n \u0259traf\u0131nda ba\u015f ver\u0259n hadis\u0259l\u0259rd\u0259n x\u0259b\u0259rdar olmamas\u0131, yaxud da ba\u015fqalar\u0131n\u0131n fikirl\u0259rini, d\u00fc\u015f\u00fcnc\u0259l\u0259rini anlamamas\u0131 m\u0259nas\u0131nda istifad\u0259 olunur. Bu s\u00f6z, b\u0259z\u0259n insan\u0131n \u00f6z d\u00fcnyas\u0131nda ya\u015fad\u0131\u011f\u0131n\u0131, \u0259traf\u0131ndak\u0131lar\u0131 g\u00f6rm\u0259diyini v\u0259 ya e\u015fitm\u0259diyini ifad\u0259 edir. H\u0259m\u00e7inin, bu atalar s\u00f6z\u00fc, insan\u0131n \u00f6z\u00fcn\u0259 qapanmas\u0131, ba\u015fqalar\u0131n\u0131n fikirl\u0259rin\u0259 laqeyd yana\u015fmas\u0131 v\u0259 ya \u0259traf\u0131ndak\u0131lar\u0131n d\u0259y\u0259rini anlamamas\u0131 il\u0259 ba\u011fl\u0131 da i\u015fl\u0259dilir.<\/p>\n<p><b>Q\u0131sa M\u0259nas\u0131<\/b><br \/> \u0130nsanlar\u0131n \u0259traf\u0131nda ba\u015f ver\u0259nl\u0259rd\u0259n x\u0259b\u0259rsiz olmas\u0131, ba\u015fqalar\u0131n\u0131n fikirl\u0259rini anlamamas\u0131.<\/p>\n","protected":false},"excerpt":{"rendered":"<p>&#8220;evin minar\u0259 dibind\u0259 olsa da, qula\u011f\u0131n s\u0259s e\u015fitm\u0259z&#8221; atalar s\u00f6z\u00fc, insan\u0131n \u0259traf\u0131nda ba\u015f ver\u0259n hadis\u0259l\u0259rd\u0259n x\u0259b\u0259rdar olmamas\u0131, yaxud da ba\u015fqalar\u0131n\u0131n fikirl\u0259rini, d\u00fc\u015f\u00fcnc\u0259l\u0259rini anlamamas\u0131 m\u0259nas\u0131nda istifad\u0259 olunur. Bu s\u00f6z, b\u0259z\u0259n insan\u0131n \u00f6z d\u00fcnyas\u0131nda ya\u015fad\u0131\u011f\u0131n\u0131, \u0259traf\u0131ndak\u0131lar\u0131 g\u00f6rm\u0259diyini v\u0259 ya e\u015fitm\u0259diyini ifad\u0259 edir. H\u0259m\u00e7inin, bu atalar s\u00f6z\u00fc, insan\u0131n \u00f6z\u00fcn\u0259 qapanmas\u0131, ba\u015fqalar\u0131n\u0131n fikirl\u0259rin\u0259 laqeyd yana\u015fmas\u0131 v\u0259 ya \u0259traf\u0131ndak\u0131lar\u0131n d\u0259y\u0259rini &#8230; <a title=\"Evin Minar\u0259 Dibind\u0259 Olsa Da, Qula\u011f\u0131n S\u0259s E\u015fitm\u0259z\" class=\"read-more\" href=\"https:\/\/nedir.az\/atalar-sozleri\/evin-minare-dibinde-olsa-da-qulagin-ses-esitmez-atalar-sozunun-menasi-nedir\" aria-label=\"Read more about Evin Minar\u0259 Dibind\u0259 Olsa Da, Qula\u011f\u0131n S\u0259s E\u015fitm\u0259z\">Read more<\/a><\/p>\n","protected":false},"author":2,"featured_media":0,"comment_status":"open","ping_status":"open","sticky":false,"template":"","format":"standard","meta":{"footnotes":""},"categories":[1],"tags":[],"class_list":["post-6470","post","type-post","status-publish","format-standard","hentry","category-atalar-sozleri-atalar-sozu"],"aioseo_notices":[],"_links":{"self":[{"href":"https:\/\/nedir.az\/atalar-sozleri\/wp-json\/wp\/v2\/posts\/6470","targetHints":{"allow":["GET"]}}],"collection":[{"href":"https:\/\/nedir.az\/atalar-sozleri\/wp-json\/wp\/v2\/posts"}],"about":[{"href":"https:\/\/nedir.az\/atalar-sozleri\/wp-json\/wp\/v2\/types\/post"}],"author":[{"embeddable":true,"href":"https:\/\/nedir.az\/atalar-sozleri\/wp-json\/wp\/v2\/users\/2"}],"replies":[{"embeddable":true,"href":"https:\/\/nedir.az\/atalar-sozleri\/wp-json\/wp\/v2\/comments?post=6470"}],"version-history":[{"count":0,"href":"https:\/\/nedir.az\/atalar-sozleri\/wp-json\/wp\/v2\/posts\/6470\/revisions"}],"wp:attachment":[{"href":"https:\/\/nedir.az\/atalar-sozleri\/wp-json\/wp\/v2\/media?parent=6470"}],"wp:term":[{"taxonomy":"category","embeddable":true,"href":"https:\/\/nedir.az\/atalar-sozleri\/wp-json\/wp\/v2\/categories?post=6470"},{"taxonomy":"post_tag","embeddable":true,"href":"https:\/\/nedir.az\/atalar-sozleri\/wp-json\/wp\/v2\/tags?post=6470"}],"curies":[{"name":"wp","href":"https:\/\/api.w.org\/{rel}","templated":true}]}}