{"id":6469,"date":"2024-09-06T21:34:18","date_gmt":"2024-09-06T21:34:18","guid":{"rendered":""},"modified":"-0001-11-30T00:00:00","modified_gmt":"-0001-11-29T21:00:00","slug":"evin-iti-ol-kiciyi-olma","status":"publish","type":"post","link":"https:\/\/nedir.az\/atalar-sozleri\/evin-iti-ol-kiciyi-olma-atalar-sozunun-menasi-nedir","title":{"rendered":"Evin \u0130ti Ol, Ki\u00e7iyi Olma"},"content":{"rendered":"<p>&#8220;evin iti ol, ki\u00e7iyi olma&#8221; atalar s\u00f6z\u00fc, insan\u0131n \u00f6z yerini bilm\u0259k, \u00f6z d\u0259y\u0259rini anlamas\u0131 v\u0259 ba\u015fqalar\u0131n\u0131n yan\u0131nda ki\u00e7ik duruma d\u00fc\u015fm\u0259m\u0259si laz\u0131m oldu\u011funu vur\u011fulay\u0131r. Bu s\u00f6z, insan\u0131n \u00f6z\u00fcn\u00fc ba\u015fqalar\u0131ndan a\u015fa\u011f\u0131 g\u00f6rm\u0259m\u0259si, \u00f6z g\u00fcc\u00fcn\u00fc v\u0259 imkanlar\u0131n\u0131 d\u0259y\u0259rl\u0259ndirm\u0259si g\u0259r\u0259kdiyini ifad\u0259 edir. H\u0259m\u00e7inin, bu atalar s\u00f6z\u00fc, insan\u0131n \u00f6z m\u00fcst\u0259qilliyini qorumas\u0131 v\u0259 ba\u015fqalar\u0131n\u0131n t\u0259siri alt\u0131nda qalmamas\u0131 \u00fc\u00e7\u00fcn bir \u00e7a\u011f\u0131r\u0131\u015fd\u0131r. <\/p>\n<p><b>Q\u0131sa M\u0259nas\u0131<\/b><br \/> \u00d6z d\u0259y\u0259rini bilm\u0259k, ba\u015fqalar\u0131n\u0131n yan\u0131nda ki\u00e7ilm\u0259m\u0259k v\u0259 m\u00fcst\u0259qil olmaq.<\/p>\n","protected":false},"excerpt":{"rendered":"<p>&#8220;evin iti ol, ki\u00e7iyi olma&#8221; atalar s\u00f6z\u00fc, insan\u0131n \u00f6z yerini bilm\u0259k, \u00f6z d\u0259y\u0259rini anlamas\u0131 v\u0259 ba\u015fqalar\u0131n\u0131n yan\u0131nda ki\u00e7ik duruma d\u00fc\u015fm\u0259m\u0259si laz\u0131m oldu\u011funu vur\u011fulay\u0131r. Bu s\u00f6z, insan\u0131n \u00f6z\u00fcn\u00fc ba\u015fqalar\u0131ndan a\u015fa\u011f\u0131 g\u00f6rm\u0259m\u0259si, \u00f6z g\u00fcc\u00fcn\u00fc v\u0259 imkanlar\u0131n\u0131 d\u0259y\u0259rl\u0259ndirm\u0259si g\u0259r\u0259kdiyini ifad\u0259 edir. H\u0259m\u00e7inin, bu atalar s\u00f6z\u00fc, insan\u0131n \u00f6z m\u00fcst\u0259qilliyini qorumas\u0131 v\u0259 ba\u015fqalar\u0131n\u0131n t\u0259siri alt\u0131nda qalmamas\u0131 \u00fc\u00e7\u00fcn bir \u00e7a\u011f\u0131r\u0131\u015fd\u0131r. Q\u0131sa &#8230; <a title=\"Evin \u0130ti Ol, Ki\u00e7iyi Olma\" class=\"read-more\" href=\"https:\/\/nedir.az\/atalar-sozleri\/evin-iti-ol-kiciyi-olma-atalar-sozunun-menasi-nedir\" aria-label=\"Read more about Evin \u0130ti Ol, Ki\u00e7iyi Olma\">Read more<\/a><\/p>\n","protected":false},"author":2,"featured_media":0,"comment_status":"open","ping_status":"open","sticky":false,"template":"","format":"standard","meta":{"footnotes":""},"categories":[1],"tags":[],"class_list":["post-6469","post","type-post","status-publish","format-standard","hentry","category-atalar-sozleri-atalar-sozu"],"aioseo_notices":[],"_links":{"self":[{"href":"https:\/\/nedir.az\/atalar-sozleri\/wp-json\/wp\/v2\/posts\/6469","targetHints":{"allow":["GET"]}}],"collection":[{"href":"https:\/\/nedir.az\/atalar-sozleri\/wp-json\/wp\/v2\/posts"}],"about":[{"href":"https:\/\/nedir.az\/atalar-sozleri\/wp-json\/wp\/v2\/types\/post"}],"author":[{"embeddable":true,"href":"https:\/\/nedir.az\/atalar-sozleri\/wp-json\/wp\/v2\/users\/2"}],"replies":[{"embeddable":true,"href":"https:\/\/nedir.az\/atalar-sozleri\/wp-json\/wp\/v2\/comments?post=6469"}],"version-history":[{"count":0,"href":"https:\/\/nedir.az\/atalar-sozleri\/wp-json\/wp\/v2\/posts\/6469\/revisions"}],"wp:attachment":[{"href":"https:\/\/nedir.az\/atalar-sozleri\/wp-json\/wp\/v2\/media?parent=6469"}],"wp:term":[{"taxonomy":"category","embeddable":true,"href":"https:\/\/nedir.az\/atalar-sozleri\/wp-json\/wp\/v2\/categories?post=6469"},{"taxonomy":"post_tag","embeddable":true,"href":"https:\/\/nedir.az\/atalar-sozleri\/wp-json\/wp\/v2\/tags?post=6469"}],"curies":[{"name":"wp","href":"https:\/\/api.w.org\/{rel}","templated":true}]}}