{"id":6463,"date":"2024-09-06T21:34:18","date_gmt":"2024-09-06T21:34:18","guid":{"rendered":""},"modified":"-0001-11-30T00:00:00","modified_gmt":"-0001-11-29T21:00:00","slug":"evi-odlanan-men-eli-kosovlu-sen","status":"publish","type":"post","link":"https:\/\/nedir.az\/atalar-sozleri\/evi-odlanan-men-eli-kosovlu-sen-atalar-sozunun-menasi-nedir","title":{"rendered":"Evi Odlanan M\u0259n, \u018fli K\u00f6s\u00f6vl\u00fc S\u0259n"},"content":{"rendered":"<p>&#8220;evi odlanan m\u0259n, \u0259li k\u00f6s\u00f6vl\u00fc s\u0259n&#8221; atalar s\u00f6z\u00fc, insan\u0131n ba\u015f\u0131na g\u0259l\u0259n \u00e7\u0259tinlikl\u0259rd\u0259n, itkil\u0259rd\u0259n sonra \u00f6z\u00fcn\u00fc toparlamaq, yenid\u0259n aya\u011fa qalxmaq v\u0259 m\u00fcbariz\u0259 aparmaq qabiliyy\u0259tini vur\u011fulay\u0131r. Bu s\u00f6z, b\u0259z\u0259n \u00e7\u0259tinlikl\u0259r qar\u015f\u0131s\u0131nda pes etm\u0259m\u0259k, irad\u0259ni qorumaq v\u0259 m\u00fcbariz\u0259ni davam etdirm\u0259k laz\u0131m oldu\u011funu ifad\u0259 edir. H\u0259m\u00e7inin, insan\u0131n ba\u015f\u0131na g\u0259l\u0259n pis hadis\u0259l\u0259rd\u0259n sonra \u00f6z\u00fcn\u00fc itirm\u0259m\u0259si, \u0259zmkarl\u0131qla ir\u0259lil\u0259m\u0259si g\u0259r\u0259kdiyini bildirir.<\/p>\n<p><b>Q\u0131sa M\u0259nas\u0131<\/b><br \/> \u00c7\u0259tinlikl\u0259r\u0259 baxmayaraq, m\u00fcbariz\u0259ni davam etdirm\u0259k v\u0259 irad\u0259ni qorumaq.<\/p>\n","protected":false},"excerpt":{"rendered":"<p>&#8220;evi odlanan m\u0259n, \u0259li k\u00f6s\u00f6vl\u00fc s\u0259n&#8221; atalar s\u00f6z\u00fc, insan\u0131n ba\u015f\u0131na g\u0259l\u0259n \u00e7\u0259tinlikl\u0259rd\u0259n, itkil\u0259rd\u0259n sonra \u00f6z\u00fcn\u00fc toparlamaq, yenid\u0259n aya\u011fa qalxmaq v\u0259 m\u00fcbariz\u0259 aparmaq qabiliyy\u0259tini vur\u011fulay\u0131r. Bu s\u00f6z, b\u0259z\u0259n \u00e7\u0259tinlikl\u0259r qar\u015f\u0131s\u0131nda pes etm\u0259m\u0259k, irad\u0259ni qorumaq v\u0259 m\u00fcbariz\u0259ni davam etdirm\u0259k laz\u0131m oldu\u011funu ifad\u0259 edir. H\u0259m\u00e7inin, insan\u0131n ba\u015f\u0131na g\u0259l\u0259n pis hadis\u0259l\u0259rd\u0259n sonra \u00f6z\u00fcn\u00fc itirm\u0259m\u0259si, \u0259zmkarl\u0131qla ir\u0259lil\u0259m\u0259si g\u0259r\u0259kdiyini bildirir. Q\u0131sa &#8230; <a title=\"Evi Odlanan M\u0259n, \u018fli K\u00f6s\u00f6vl\u00fc S\u0259n\" class=\"read-more\" href=\"https:\/\/nedir.az\/atalar-sozleri\/evi-odlanan-men-eli-kosovlu-sen-atalar-sozunun-menasi-nedir\" aria-label=\"Read more about Evi Odlanan M\u0259n, \u018fli K\u00f6s\u00f6vl\u00fc S\u0259n\">Read more<\/a><\/p>\n","protected":false},"author":2,"featured_media":0,"comment_status":"open","ping_status":"open","sticky":false,"template":"","format":"standard","meta":{"footnotes":""},"categories":[1],"tags":[],"class_list":["post-6463","post","type-post","status-publish","format-standard","hentry","category-atalar-sozleri-atalar-sozu"],"aioseo_notices":[],"_links":{"self":[{"href":"https:\/\/nedir.az\/atalar-sozleri\/wp-json\/wp\/v2\/posts\/6463","targetHints":{"allow":["GET"]}}],"collection":[{"href":"https:\/\/nedir.az\/atalar-sozleri\/wp-json\/wp\/v2\/posts"}],"about":[{"href":"https:\/\/nedir.az\/atalar-sozleri\/wp-json\/wp\/v2\/types\/post"}],"author":[{"embeddable":true,"href":"https:\/\/nedir.az\/atalar-sozleri\/wp-json\/wp\/v2\/users\/2"}],"replies":[{"embeddable":true,"href":"https:\/\/nedir.az\/atalar-sozleri\/wp-json\/wp\/v2\/comments?post=6463"}],"version-history":[{"count":0,"href":"https:\/\/nedir.az\/atalar-sozleri\/wp-json\/wp\/v2\/posts\/6463\/revisions"}],"wp:attachment":[{"href":"https:\/\/nedir.az\/atalar-sozleri\/wp-json\/wp\/v2\/media?parent=6463"}],"wp:term":[{"taxonomy":"category","embeddable":true,"href":"https:\/\/nedir.az\/atalar-sozleri\/wp-json\/wp\/v2\/categories?post=6463"},{"taxonomy":"post_tag","embeddable":true,"href":"https:\/\/nedir.az\/atalar-sozleri\/wp-json\/wp\/v2\/tags?post=6463"}],"curies":[{"name":"wp","href":"https:\/\/api.w.org\/{rel}","templated":true}]}}