{"id":6462,"date":"2024-09-06T21:34:18","date_gmt":"2024-09-06T21:34:18","guid":{"rendered":""},"modified":"-0001-11-30T00:00:00","modified_gmt":"-0001-11-29T21:00:00","slug":"evi-abad-eden-arvaddir","status":"publish","type":"post","link":"https:\/\/nedir.az\/atalar-sozleri\/evi-abad-eden-arvaddir-atalar-sozunun-menasi-nedir","title":{"rendered":"Evi Abad Ed\u0259n Arvadd\u0131r"},"content":{"rendered":"<p>&#8220;evi abad ed\u0259n arvadd\u0131r&#8221; atalar s\u00f6z\u00fcn\u00fcn m\u0259nas\u0131, bir evin, ail\u0259nin v\u0259 \u00fcmumilikd\u0259 bir c\u0259miyy\u0259tin inki\u015faf\u0131nda v\u0259 rifah\u0131nda qad\u0131nlar\u0131n rolunu vur\u011fulamaqd\u0131r. Bu atalar s\u00f6z\u00fc, qad\u0131nlar\u0131n evin idar\u0259 olunmas\u0131nda, u\u015faqlar\u0131n t\u0259rbiy\u0259sind\u0259 v\u0259 ail\u0259 m\u00fchitinin yarad\u0131lmas\u0131nda n\u0259 q\u0259d\u0259r \u0259h\u0259miyy\u0259tli oldu\u011funu g\u00f6st\u0259rir. Qad\u0131nlar\u0131n evd\u0259ki f\u0259aliyy\u0259ti, ail\u0259nin birliyini v\u0259 harmoniyas\u0131n\u0131 t\u0259min edir, eyni zamanda evin sosial v\u0259 iqtisadi v\u0259ziyy\u0259tini d\u0259 yax\u015f\u0131la\u015fd\u0131r\u0131r. Bu s\u0259b\u0259bd\u0259n, qad\u0131nlar\u0131n \u0259m\u0259yi v\u0259 onlar\u0131n evd\u0259ki rolu c\u0259miyy\u0259tin inki\u015faf\u0131nda m\u00fcst\u0259sna bir yer tutur.<\/p>\n<p><b>Q\u0131sa M\u0259nas\u0131<\/b><br \/> Qad\u0131nlar\u0131n evin v\u0259 ail\u0259nin rifah\u0131nda \u0259h\u0259miyy\u0259tli rol oynad\u0131\u011f\u0131n\u0131 vur\u011fulayan bir atalar s\u00f6z\u00fc.<\/p>\n","protected":false},"excerpt":{"rendered":"<p>&#8220;evi abad ed\u0259n arvadd\u0131r&#8221; atalar s\u00f6z\u00fcn\u00fcn m\u0259nas\u0131, bir evin, ail\u0259nin v\u0259 \u00fcmumilikd\u0259 bir c\u0259miyy\u0259tin inki\u015faf\u0131nda v\u0259 rifah\u0131nda qad\u0131nlar\u0131n rolunu vur\u011fulamaqd\u0131r. Bu atalar s\u00f6z\u00fc, qad\u0131nlar\u0131n evin idar\u0259 olunmas\u0131nda, u\u015faqlar\u0131n t\u0259rbiy\u0259sind\u0259 v\u0259 ail\u0259 m\u00fchitinin yarad\u0131lmas\u0131nda n\u0259 q\u0259d\u0259r \u0259h\u0259miyy\u0259tli oldu\u011funu g\u00f6st\u0259rir. Qad\u0131nlar\u0131n evd\u0259ki f\u0259aliyy\u0259ti, ail\u0259nin birliyini v\u0259 harmoniyas\u0131n\u0131 t\u0259min edir, eyni zamanda evin sosial v\u0259 iqtisadi v\u0259ziyy\u0259tini d\u0259 &#8230; <a title=\"Evi Abad Ed\u0259n Arvadd\u0131r\" class=\"read-more\" href=\"https:\/\/nedir.az\/atalar-sozleri\/evi-abad-eden-arvaddir-atalar-sozunun-menasi-nedir\" aria-label=\"Read more about Evi Abad Ed\u0259n Arvadd\u0131r\">Read more<\/a><\/p>\n","protected":false},"author":2,"featured_media":0,"comment_status":"open","ping_status":"open","sticky":false,"template":"","format":"standard","meta":{"footnotes":""},"categories":[1],"tags":[],"class_list":["post-6462","post","type-post","status-publish","format-standard","hentry","category-atalar-sozleri-atalar-sozu"],"aioseo_notices":[],"_links":{"self":[{"href":"https:\/\/nedir.az\/atalar-sozleri\/wp-json\/wp\/v2\/posts\/6462","targetHints":{"allow":["GET"]}}],"collection":[{"href":"https:\/\/nedir.az\/atalar-sozleri\/wp-json\/wp\/v2\/posts"}],"about":[{"href":"https:\/\/nedir.az\/atalar-sozleri\/wp-json\/wp\/v2\/types\/post"}],"author":[{"embeddable":true,"href":"https:\/\/nedir.az\/atalar-sozleri\/wp-json\/wp\/v2\/users\/2"}],"replies":[{"embeddable":true,"href":"https:\/\/nedir.az\/atalar-sozleri\/wp-json\/wp\/v2\/comments?post=6462"}],"version-history":[{"count":0,"href":"https:\/\/nedir.az\/atalar-sozleri\/wp-json\/wp\/v2\/posts\/6462\/revisions"}],"wp:attachment":[{"href":"https:\/\/nedir.az\/atalar-sozleri\/wp-json\/wp\/v2\/media?parent=6462"}],"wp:term":[{"taxonomy":"category","embeddable":true,"href":"https:\/\/nedir.az\/atalar-sozleri\/wp-json\/wp\/v2\/categories?post=6462"},{"taxonomy":"post_tag","embeddable":true,"href":"https:\/\/nedir.az\/atalar-sozleri\/wp-json\/wp\/v2\/tags?post=6462"}],"curies":[{"name":"wp","href":"https:\/\/api.w.org\/{rel}","templated":true}]}}